{"id":187073,"date":"2026-04-23T15:00:29","date_gmt":"2026-04-23T18:00:29","guid":{"rendered":"https:\/\/www.blogdothame.blog.br\/v1\/?p=187073"},"modified":"2026-04-23T10:11:32","modified_gmt":"2026-04-23T13:11:32","slug":"abril-laranja-ilheus-tera-caminhada-contra-crueldade-animal-e-feira-de-adocao-de-animais","status":"publish","type":"post","link":"https:\/\/www.blogdothame.blog.br\/v1\/2026\/04\/23\/abril-laranja-ilheus-tera-caminhada-contra-crueldade-animal-e-feira-de-adocao-de-animais\/","title":{"rendered":"Abril Laranja: Ilh\u00e9us ter\u00e1 caminhada contra crueldade animal e feira de ado\u00e7\u00e3o de animais"},"content":{"rendered":"<p><img loading=\"lazy\" class=\"aligncenter  wp-image-187069\" src=\"https:\/\/www.blogdothame.blog.br\/v1\/wp-content\/uploads\/2026\/04\/pet-3.jpg\" alt=\"\" width=\"378\" height=\"301\" srcset=\"https:\/\/www.blogdothame.blog.br\/v1\/wp-content\/uploads\/2026\/04\/pet-3.jpg 446w, https:\/\/www.blogdothame.blog.br\/v1\/wp-content\/uploads\/2026\/04\/pet-3-300x239.jpg 300w\" sizes=\"(max-width: 378px) 100vw, 378px\" \/>Como parte da campanha\u00a0Abril Laranja, m\u00eas dedicado \u00e0 conscientiza\u00e7\u00e3o e combate \u00e0 crueldade contra os animais, a ONG Planeta dos Bichos realizar\u00e1 a\u00a0Run 4 Paws, uma caminhada e corrida solid\u00e1ria no domingo,\u00a026 de abril, com concentra\u00e7\u00e3o \u00e0s\u00a006h00\u00a0e largada \u00e0s\u00a006h30, em Ilh\u00e9us.<\/p>\n<p>O evento ter\u00e1 como ponto de partida o\u00a0estacionamento em frente \u00e0 Pra\u00e7a da Irene, seguindo pela\u00a0Ponte Jorge Amado\u00a0e retornando pela\u00a0Avenida Soares Lopes, com percursos de\u00a03 km e 5 km. A iniciativa reunir\u00e1 atletas, corredores, protetores de animais e pais de pet em um momento de mobiliza\u00e7\u00e3o social em defesa da causa animal.<\/p>\n<p>A Run 4 Paws integra a campanha\u00a0Abril Laranja, que busca alertar a popula\u00e7\u00e3o sobre os maus-tratos contra animais, incentivar a den\u00fancia e promover a guarda respons\u00e1vel, e conta com o apoio de parceiros, como Vittamax, PlayLuz e Calzin, que contribuem para a realiza\u00e7\u00e3o do evento. A ONG refor\u00e7a que a participa\u00e7\u00e3o da comunidade \u00e9 fundamental para ampliar a conscientiza\u00e7\u00e3o e combater a crueldade animal.<\/p>\n<p>Feira de Ado\u00e7\u00e3o e Festival de Tortas<\/p>\n<p><!--more--><br \/>\nAl\u00e9m da corrida e caminhada, a ONG Planeta dos Bichos tamb\u00e9m realizar\u00e1 uma\u00a0Feira de Ado\u00e7\u00e3o\u00a0no s\u00e1bado,\u00a025 de abril, das\u00a010h \u00e0s 16h, no estacionamento em frente \u00e0 Arena Central, pr\u00f3ximo \u00e0 Pra\u00e7a da Irene.<\/p>\n<p>A a\u00e7\u00e3o contar\u00e1 com diversos pets dispon\u00edveis para ado\u00e7\u00e3o respons\u00e1vel, al\u00e9m de um\u00a0festival de tortas solid\u00e1rio. A atividade \u00e9 aberta a toda comunidade, inclusive para quem n\u00e3o participar\u00e1 da caminhada.<\/p>\n<p><img loading=\"lazy\" class=\"aligncenter wp-image-187070\" src=\"https:\/\/www.blogdothame.blog.br\/v1\/wp-content\/uploads\/2026\/04\/pet-2.jpg\" alt=\"\" width=\"280\" height=\"350\" srcset=\"https:\/\/www.blogdothame.blog.br\/v1\/wp-content\/uploads\/2026\/04\/pet-2.jpg 432w, https:\/\/www.blogdothame.blog.br\/v1\/wp-content\/uploads\/2026\/04\/pet-2-240x300.jpg 240w\" sizes=\"(max-width: 280px) 100vw, 280px\" \/><\/p>\n<p>Como denunciar maus-tratos<br \/>\nDurante o Abril Laranja, a ONG Planeta dos Bichos refor\u00e7a a import\u00e2ncia da den\u00fancia em casos de crueldade contra animais. As den\u00fancias podem ser feitas pelos seguintes canais:<\/p>\n<p>Pol\u00edcia Militar \u2014 190<br \/>\nPol\u00edcia Civil \u2014\u00a0Registro de Boletim de Ocorr\u00eancia Online<br \/>\nCIPPA\u00a0(Companhia Independente de Pol\u00edcia de Prote\u00e7\u00e3o Ambiental)<br \/>\nIBAMA \u2014\u00a00800 061 8080<br \/>\nMinist\u00e9rio P\u00fablico \u2014\u00a0Den\u00fancia Online<br \/>\nDenunciar \u00e9 um ato de cidadania e pode salvar vidas.<\/p>\n<p>Sobre a ONG Planeta dos Bichos<\/p>\n<p><img loading=\"lazy\" class=\"aligncenter wp-image-187071\" src=\"https:\/\/www.blogdothame.blog.br\/v1\/wp-content\/uploads\/2026\/04\/pet-1.jpg\" alt=\"\" width=\"279\" height=\"349\" srcset=\"https:\/\/www.blogdothame.blog.br\/v1\/wp-content\/uploads\/2026\/04\/pet-1.jpg 432w, https:\/\/www.blogdothame.blog.br\/v1\/wp-content\/uploads\/2026\/04\/pet-1-240x300.jpg 240w\" sizes=\"(max-width: 279px) 100vw, 279px\" \/><br \/>\nA ONG Planeta dos Bichos atua h\u00e1 18 anos na prote\u00e7\u00e3o animal, realizando resgates, tratamentos veterin\u00e1rios, campanhas educativas e ado\u00e7\u00e3o respons\u00e1vel, contribuindo para a constru\u00e7\u00e3o de uma sociedade mais consciente e respeitosa com os animais.<\/p>\n<p>Atividades<br \/>\nFeira de Ado\u00e7\u00e3o e Festival de Tortas<br \/>\nData: 25 de abril (s\u00e1bado)<br \/>\nHor\u00e1rio: 10h \u00e0s 16h<br \/>\nLocal: Estacionamento em frente \u00e0 Arena Central, pr\u00f3ximo \u00e0 Pra\u00e7a da Irene<\/p>\n<p>Run 4 Paws \u2013 Caminhada contra a crueldade animal<br \/>\nData: 26 de abril (domingo)<br \/>\nConcentra\u00e7\u00e3o: 06h00<br \/>\nLargada: 06h30<br \/>\nLocal: Estacionamento em frente \u00e0 Pra\u00e7a da Irene<br \/>\nPercurso: Ponte Jorge Amado e retorno pela Avenida Soares Lopes<br \/>\nInscri\u00e7\u00f5es:\u00a0<a href=\"https:\/\/www.races.com.br\/run-4-paws\">https:\/\/www.races.com.br\/run-4-paws<\/a><\/p>\n","protected":false},"excerpt":{"rendered":"<p>Como parte da campanha\u00a0Abril Laranja, m\u00eas dedicado \u00e0 conscientiza\u00e7\u00e3o e combate \u00e0 crueldade contra os animais, a ONG Planeta dos Bichos realizar\u00e1 a\u00a0Run 4 Paws, uma caminhada e corrida solid\u00e1ria no domingo,\u00a026 de abril, com concentra\u00e7\u00e3o \u00e0s\u00a006h00\u00a0e largada \u00e0s\u00a006h30, em Ilh\u00e9us. O evento ter\u00e1 como ponto de partida o\u00a0estacionamento em frente \u00e0 Pra\u00e7a da Irene, [&hellip;]<\/p>\n","protected":false},"author":2,"featured_media":187069,"comment_status":"open","ping_status":"open","sticky":false,"template":"","format":"standard","meta":{"_links_to":"","_links_to_target":""},"categories":[33433],"tags":[42129,11406,218,12644,42128],"_links":{"self":[{"href":"https:\/\/www.blogdothame.blog.br\/v1\/wp-json\/wp\/v2\/posts\/187073"}],"collection":[{"href":"https:\/\/www.blogdothame.blog.br\/v1\/wp-json\/wp\/v2\/posts"}],"about":[{"href":"https:\/\/www.blogdothame.blog.br\/v1\/wp-json\/wp\/v2\/types\/post"}],"author":[{"embeddable":true,"href":"https:\/\/www.blogdothame.blog.br\/v1\/wp-json\/wp\/v2\/users\/2"}],"replies":[{"embeddable":true,"href":"https:\/\/www.blogdothame.blog.br\/v1\/wp-json\/wp\/v2\/comments?post=187073"}],"version-history":[{"count":1,"href":"https:\/\/www.blogdothame.blog.br\/v1\/wp-json\/wp\/v2\/posts\/187073\/revisions"}],"predecessor-version":[{"id":187074,"href":"https:\/\/www.blogdothame.blog.br\/v1\/wp-json\/wp\/v2\/posts\/187073\/revisions\/187074"}],"wp:featuredmedia":[{"embeddable":true,"href":"https:\/\/www.blogdothame.blog.br\/v1\/wp-json\/wp\/v2\/media\/187069"}],"wp:attachment":[{"href":"https:\/\/www.blogdothame.blog.br\/v1\/wp-json\/wp\/v2\/media?parent=187073"}],"wp:term":[{"taxonomy":"category","embeddable":true,"href":"https:\/\/www.blogdothame.blog.br\/v1\/wp-json\/wp\/v2\/categories?post=187073"},{"taxonomy":"post_tag","embeddable":true,"href":"https:\/\/www.blogdothame.blog.br\/v1\/wp-json\/wp\/v2\/tags?post=187073"}],"curies":[{"name":"wp","href":"https:\/\/api.w.org\/{rel}","templated":true}]}}