{"id":186732,"date":"2026-04-09T18:13:26","date_gmt":"2026-04-09T21:13:26","guid":{"rendered":"https:\/\/www.blogdothame.blog.br\/v1\/?p=186732"},"modified":"2026-04-09T17:11:52","modified_gmt":"2026-04-09T20:11:52","slug":"hospital-de-base-de-itabuna-promove-treinamento-integrado-de-gestao","status":"publish","type":"post","link":"https:\/\/www.blogdothame.blog.br\/v1\/2026\/04\/09\/hospital-de-base-de-itabuna-promove-treinamento-integrado-de-gestao\/","title":{"rendered":"Hospital de Base de Itabuna promove treinamento integrado de gest\u00e3o"},"content":{"rendered":"<p><img loading=\"lazy\" class=\"aligncenter  wp-image-186733\" src=\"https:\/\/www.blogdothame.blog.br\/v1\/wp-content\/uploads\/2026\/04\/Hospital-de-Base-de-Itabuna-promove-treinamento-integrado-de-gestao-Fotos-Divulgacao-2.jpeg\" alt=\"\" width=\"453\" height=\"255\" srcset=\"https:\/\/www.blogdothame.blog.br\/v1\/wp-content\/uploads\/2026\/04\/Hospital-de-Base-de-Itabuna-promove-treinamento-integrado-de-gestao-Fotos-Divulgacao-2.jpeg 600w, https:\/\/www.blogdothame.blog.br\/v1\/wp-content\/uploads\/2026\/04\/Hospital-de-Base-de-Itabuna-promove-treinamento-integrado-de-gestao-Fotos-Divulgacao-2-300x169.jpeg 300w\" sizes=\"(max-width: 453px) 100vw, 453px\" \/>O Hospital de Base Lu\u00eds Eduardo Magalh\u00e3es (HBLEM), administrado pela Funda\u00e7\u00e3o de Aten\u00e7\u00e3o \u00e0 Sa\u00fade de Itabuna (FASI), realizou, na quarta-feira, dia 8, um treinamento integrado de gest\u00e3o.\u00a0A a\u00e7\u00e3o, coordenada pelo N\u00facleo de Educa\u00e7\u00e3o Permanente em Sa\u00fade (NEPS), teve como objetivo integrar os profissionais das \u00e1reas assistencial e administrativa, al\u00e9m de refor\u00e7ar diretrizes institucionais e conte\u00fados essenciais para o desempenho das atividades com qualidade, seguran\u00e7a e humaniza\u00e7\u00e3o.<\/p>\n<p>A abertura da capacita\u00e7\u00e3o foi conduzida pelo diretor-presidente da FASI, Roberto Pacheco Jr., que destacou a import\u00e2ncia do compromisso com a qualidade da assist\u00eancia, a \u00e9tica e a humaniza\u00e7\u00e3o no atendimento \u00e0 popula\u00e7\u00e3o.<\/p>\n<p><img loading=\"lazy\" class=\"aligncenter  wp-image-186734\" src=\"https:\/\/www.blogdothame.blog.br\/v1\/wp-content\/uploads\/2026\/04\/Hospital-de-Base-de-Itabuna-promove-treinamento-integrado-de-gestao-Fotos-Divulgacao-4.jpeg\" alt=\"\" width=\"392\" height=\"222\" srcset=\"https:\/\/www.blogdothame.blog.br\/v1\/wp-content\/uploads\/2026\/04\/Hospital-de-Base-de-Itabuna-promove-treinamento-integrado-de-gestao-Fotos-Divulgacao-4.jpeg 600w, https:\/\/www.blogdothame.blog.br\/v1\/wp-content\/uploads\/2026\/04\/Hospital-de-Base-de-Itabuna-promove-treinamento-integrado-de-gestao-Fotos-Divulgacao-4-300x170.jpeg 300w\" sizes=\"(max-width: 392px) 100vw, 392px\" \/><\/p>\n<p>As palestras ministradas foram: \u201cApresenta\u00e7\u00e3o Institucional\u201d, ministrada pela coordenadora-geral de Enfermagem, Karina Cerqueira; \u201cMedidas de Biosseguran\u00e7a e Higieniza\u00e7\u00e3o das M\u00e3os\u201d, com a enfermeira Tassiana Rehem; \u201cEstrat\u00e9gias de Melhoria para a Qualidade dos Servi\u00e7os de Sa\u00fade\u201d, conduzida pela coordenadora do NEPS, enfermeira Katiana Jovita, em parceria com o N\u00facleo de Seguran\u00e7a do Paciente (NSP), representado pela enfermeira B\u00e1rbara Ara\u00fajo.<\/p>\n<p><!--more--><\/p>\n<p>Ainda, \u201cAcidente de Trabalho e Uso de Equipamentos de Prote\u00e7\u00e3o Individual\u201d, apresentada pela coordenadora do SESMT, enfermeira Nayara Andrade, em conjunto com o t\u00e9cnico de Seguran\u00e7a do Trabalho, Pedro Souza, e o engenheiro de Seguran\u00e7a do Trabalho, Guilherme Malta; e \u201cApresenta\u00e7\u00e3o das Normas e Rotinas Institucionais\u201d, com o coordenador do Setor de Pessoal, Marcel Lopes.<\/p>\n<p>No per\u00edodo da tarde, foram abordados os seguintes temas: \u201cComportamentos Abusivos e Impactos na Sa\u00fade Mental\u201d, ministrado pela coordenadora do N\u00facleo de Humaniza\u00e7\u00e3o, psic\u00f3loga Kati\u00facia Carneiro; e \u201cComunica\u00e7\u00e3o N\u00e3o Violenta\u201d, conduzido pela assessora de comunica\u00e7\u00e3o do HBLEM, jornalista Karina Lins, que fecharam a programa\u00e7\u00e3o do dia e refor\u00e7aram a import\u00e2ncia de rela\u00e7\u00f5es interpessoais respeitosas e do cuidado integral no ambiente hospitalar.<\/p>\n<p><img loading=\"lazy\" class=\"aligncenter  wp-image-186735\" src=\"https:\/\/www.blogdothame.blog.br\/v1\/wp-content\/uploads\/2026\/04\/Hospital-de-Base-de-Itabuna-promove-treinamento-integrado-de-gestao-Fotos-Divulgacao-3.jpeg\" alt=\"\" width=\"415\" height=\"234\" srcset=\"https:\/\/www.blogdothame.blog.br\/v1\/wp-content\/uploads\/2026\/04\/Hospital-de-Base-de-Itabuna-promove-treinamento-integrado-de-gestao-Fotos-Divulgacao-3.jpeg 600w, https:\/\/www.blogdothame.blog.br\/v1\/wp-content\/uploads\/2026\/04\/Hospital-de-Base-de-Itabuna-promove-treinamento-integrado-de-gestao-Fotos-Divulgacao-3-300x169.jpeg 300w\" sizes=\"(max-width: 415px) 100vw, 415px\" \/><\/p>\n<p>A iniciativa tamb\u00e9m reafirma o compromisso do Hospital de Base de Itabuna, por meio da FASI, com a qualifica\u00e7\u00e3o cont\u00ednua de seus colaboradores, contribuindo para o fortalecimento da assist\u00eancia prestada \u00e0 popula\u00e7\u00e3o e para a promo\u00e7\u00e3o de um ambiente de trabalho mais seguro e acolhedor.<\/p>\n","protected":false},"excerpt":{"rendered":"<p>O Hospital de Base Lu\u00eds Eduardo Magalh\u00e3es (HBLEM), administrado pela Funda\u00e7\u00e3o de Aten\u00e7\u00e3o \u00e0 Sa\u00fade de Itabuna (FASI), realizou, na quarta-feira, dia 8, um treinamento integrado de gest\u00e3o.\u00a0A a\u00e7\u00e3o, coordenada pelo N\u00facleo de Educa\u00e7\u00e3o Permanente em Sa\u00fade (NEPS), teve como objetivo integrar os profissionais das \u00e1reas assistencial e administrativa, al\u00e9m de refor\u00e7ar diretrizes institucionais e [&hellip;]<\/p>\n","protected":false},"author":2,"featured_media":186733,"comment_status":"open","ping_status":"open","sticky":false,"template":"","format":"standard","meta":{"_links_to":"","_links_to_target":""},"categories":[33434],"tags":[7496,42056],"_links":{"self":[{"href":"https:\/\/www.blogdothame.blog.br\/v1\/wp-json\/wp\/v2\/posts\/186732"}],"collection":[{"href":"https:\/\/www.blogdothame.blog.br\/v1\/wp-json\/wp\/v2\/posts"}],"about":[{"href":"https:\/\/www.blogdothame.blog.br\/v1\/wp-json\/wp\/v2\/types\/post"}],"author":[{"embeddable":true,"href":"https:\/\/www.blogdothame.blog.br\/v1\/wp-json\/wp\/v2\/users\/2"}],"replies":[{"embeddable":true,"href":"https:\/\/www.blogdothame.blog.br\/v1\/wp-json\/wp\/v2\/comments?post=186732"}],"version-history":[{"count":1,"href":"https:\/\/www.blogdothame.blog.br\/v1\/wp-json\/wp\/v2\/posts\/186732\/revisions"}],"predecessor-version":[{"id":186736,"href":"https:\/\/www.blogdothame.blog.br\/v1\/wp-json\/wp\/v2\/posts\/186732\/revisions\/186736"}],"wp:featuredmedia":[{"embeddable":true,"href":"https:\/\/www.blogdothame.blog.br\/v1\/wp-json\/wp\/v2\/media\/186733"}],"wp:attachment":[{"href":"https:\/\/www.blogdothame.blog.br\/v1\/wp-json\/wp\/v2\/media?parent=186732"}],"wp:term":[{"taxonomy":"category","embeddable":true,"href":"https:\/\/www.blogdothame.blog.br\/v1\/wp-json\/wp\/v2\/categories?post=186732"},{"taxonomy":"post_tag","embeddable":true,"href":"https:\/\/www.blogdothame.blog.br\/v1\/wp-json\/wp\/v2\/tags?post=186732"}],"curies":[{"name":"wp","href":"https:\/\/api.w.org\/{rel}","templated":true}]}}