{"id":186648,"date":"2026-04-08T15:00:47","date_gmt":"2026-04-08T18:00:47","guid":{"rendered":"https:\/\/www.blogdothame.blog.br\/v1\/?p=186648"},"modified":"2026-04-08T11:28:40","modified_gmt":"2026-04-08T14:28:40","slug":"capacitacao-aprimora-bombeiros-militares-para-integracao-entre-salvamento-aquatico-e-aereo","status":"publish","type":"post","link":"https:\/\/www.blogdothame.blog.br\/v1\/2026\/04\/08\/capacitacao-aprimora-bombeiros-militares-para-integracao-entre-salvamento-aquatico-e-aereo\/","title":{"rendered":"Capacita\u00e7\u00e3o aprimora bombeiros militares para integra\u00e7\u00e3o entre salvamento aqu\u00e1tico e a\u00e9reo"},"content":{"rendered":"<p><img loading=\"lazy\" class=\"aligncenter wp-image-186649\" src=\"https:\/\/www.blogdothame.blog.br\/v1\/wp-content\/uploads\/2026\/04\/PHOTO-2026-04-08-11-04-40.jpg\" alt=\"\" width=\"369\" height=\"245\" srcset=\"https:\/\/www.blogdothame.blog.br\/v1\/wp-content\/uploads\/2026\/04\/PHOTO-2026-04-08-11-04-40.jpg 600w, https:\/\/www.blogdothame.blog.br\/v1\/wp-content\/uploads\/2026\/04\/PHOTO-2026-04-08-11-04-40-300x200.jpg 300w\" sizes=\"(max-width: 369px) 100vw, 369px\" \/>A integra\u00e7\u00e3o entre salvamento aqu\u00e1tico e a\u00e9reo marcou o treinamento te\u00f3rico e pr\u00e1tico promovido pelo 13\u00ba Batalh\u00e3o de Bombeiros Militar (13\u00ba BBM\/Bmar), realizado na manh\u00e3 desta quarta-feira (7), na Praia do Cors\u00e1rio, em Salvador. Ao todo, 45 guarda-vidas, mergulhadores e integrantes da equipe n\u00e1utica participam da capacita\u00e7\u00e3o, que segue at\u00e9 o dia 9 de abril e tem como objetivo aprimorar a coordena\u00e7\u00e3o, a agilidade e a atua\u00e7\u00e3o conjunta das equipes, fundamentais para reduzir o tempo de resposta em emerg\u00eancias.<\/p>\n<p>A participa\u00e7\u00e3o da aeronave F\u00eanix 01, do Grupamento de Opera\u00e7\u00f5es A\u00e9reas (GOA), foi um dos destaques do treinamento. De acordo com o subcomandante do Centro de Gest\u00e3o do Vetor A\u00e9reo do Corpo de Bombeiros Militar da Bahia (CBMBA), major BM Fl\u00e1vio Rodrigues, a iniciativa fortalece a integra\u00e7\u00e3o entre as equipes. \u201cJ\u00e1 contamos com uma equipe bem treinada de guarda-vidas no batalh\u00e3o mar\u00edtimo, que atua durante todo o ver\u00e3o. Com o apoio da aeronave, buscamos integrar essas atividades. Esse recurso estrat\u00e9gico permite reduzir o tempo de resposta nas ocorr\u00eancias, al\u00e9m de ampliar a visualiza\u00e7\u00e3o das v\u00edtimas\u201d, explicou.<\/p>\n<p><img loading=\"lazy\" class=\"aligncenter wp-image-186650\" src=\"https:\/\/www.blogdothame.blog.br\/v1\/wp-content\/uploads\/2026\/04\/PHOTO-2026-04-08-11-04-52.jpg\" alt=\"\" width=\"364\" height=\"242\" srcset=\"https:\/\/www.blogdothame.blog.br\/v1\/wp-content\/uploads\/2026\/04\/PHOTO-2026-04-08-11-04-52.jpg 600w, https:\/\/www.blogdothame.blog.br\/v1\/wp-content\/uploads\/2026\/04\/PHOTO-2026-04-08-11-04-52-300x200.jpg 300w\" sizes=\"(max-width: 364px) 100vw, 364px\" \/><\/p>\n<p>A atua\u00e7\u00e3o a\u00e9rea do Corpo de Bombeiros da Bahia vem se consolidando e, para ampliar essa capacidade operacional, uma segunda aeronave est\u00e1 prevista para chegar ainda neste m\u00eas de abril.<\/p>\n<p><!--more--><\/p>\n<p>Durante o treinamento, os militares participam de instru\u00e7\u00f5es te\u00f3ricas e simula\u00e7\u00f5es pr\u00e1ticas de resgate, que incluem t\u00e9cnicas de aproxima\u00e7\u00e3o e afastamento de equipes, al\u00e9m de din\u00e2micas em ambiente aqu\u00e1tico que reproduzem situa\u00e7\u00f5es reais com apoio a\u00e9reo. \u201cA orla de Salvador possui cerca de 50 quil\u00f4metros de extens\u00e3o. \u00c9 uma \u00e1rea extensa, com alta probabilidade de ocorr\u00eancias de afogamento. O apoio do GOA \u00e9 fundamental para reduzir dist\u00e2ncias e o tempo de atendimento, evitando poss\u00edveis mortes\u201d, destacou o coordenador de Planejamento Operacional do 13\u00ba BBM\/Bmar, capit\u00e3o BM Joel Adriano dos Santos.<\/p>\n<p><img loading=\"lazy\" class=\"aligncenter wp-image-186651\" src=\"https:\/\/www.blogdothame.blog.br\/v1\/wp-content\/uploads\/2026\/04\/PHOTO-2026-04-08-11-04-39-1.jpg\" alt=\"\" width=\"349\" height=\"232\" srcset=\"https:\/\/www.blogdothame.blog.br\/v1\/wp-content\/uploads\/2026\/04\/PHOTO-2026-04-08-11-04-39-1.jpg 600w, https:\/\/www.blogdothame.blog.br\/v1\/wp-content\/uploads\/2026\/04\/PHOTO-2026-04-08-11-04-39-1-300x200.jpg 300w\" sizes=\"(max-width: 349px) 100vw, 349px\" \/><\/p>\n<p>Participando pela primeira vez da capacita\u00e7\u00e3o, o guarda-vida soldado BM Caio Adriel ressaltou a import\u00e2ncia da integra\u00e7\u00e3o para o trabalho di\u00e1rio nas praias da capital. \u201cExistem situa\u00e7\u00f5es extremas em que a v\u00edtima est\u00e1 muito distante da faixa de areia, sendo necess\u00e1rio o apoio da aeronave para garantir um transporte mais seguro tanto para a v\u00edtima quanto para o socorrista\u201d, afirmou.<\/p>\n<p>(Fotos Thuane Maria GovBA)<\/p>\n","protected":false},"excerpt":{"rendered":"<p>A integra\u00e7\u00e3o entre salvamento aqu\u00e1tico e a\u00e9reo marcou o treinamento te\u00f3rico e pr\u00e1tico promovido pelo 13\u00ba Batalh\u00e3o de Bombeiros Militar (13\u00ba BBM\/Bmar), realizado na manh\u00e3 desta quarta-feira (7), na Praia do Cors\u00e1rio, em Salvador. Ao todo, 45 guarda-vidas, mergulhadores e integrantes da equipe n\u00e1utica participam da capacita\u00e7\u00e3o, que segue at\u00e9 o dia 9 de abril [&hellip;]<\/p>\n","protected":false},"author":2,"featured_media":186649,"comment_status":"open","ping_status":"open","sticky":false,"template":"","format":"standard","meta":{"_links_to":"","_links_to_target":""},"categories":[33434],"tags":[42035,42036],"_links":{"self":[{"href":"https:\/\/www.blogdothame.blog.br\/v1\/wp-json\/wp\/v2\/posts\/186648"}],"collection":[{"href":"https:\/\/www.blogdothame.blog.br\/v1\/wp-json\/wp\/v2\/posts"}],"about":[{"href":"https:\/\/www.blogdothame.blog.br\/v1\/wp-json\/wp\/v2\/types\/post"}],"author":[{"embeddable":true,"href":"https:\/\/www.blogdothame.blog.br\/v1\/wp-json\/wp\/v2\/users\/2"}],"replies":[{"embeddable":true,"href":"https:\/\/www.blogdothame.blog.br\/v1\/wp-json\/wp\/v2\/comments?post=186648"}],"version-history":[{"count":1,"href":"https:\/\/www.blogdothame.blog.br\/v1\/wp-json\/wp\/v2\/posts\/186648\/revisions"}],"predecessor-version":[{"id":186652,"href":"https:\/\/www.blogdothame.blog.br\/v1\/wp-json\/wp\/v2\/posts\/186648\/revisions\/186652"}],"wp:featuredmedia":[{"embeddable":true,"href":"https:\/\/www.blogdothame.blog.br\/v1\/wp-json\/wp\/v2\/media\/186649"}],"wp:attachment":[{"href":"https:\/\/www.blogdothame.blog.br\/v1\/wp-json\/wp\/v2\/media?parent=186648"}],"wp:term":[{"taxonomy":"category","embeddable":true,"href":"https:\/\/www.blogdothame.blog.br\/v1\/wp-json\/wp\/v2\/categories?post=186648"},{"taxonomy":"post_tag","embeddable":true,"href":"https:\/\/www.blogdothame.blog.br\/v1\/wp-json\/wp\/v2\/tags?post=186648"}],"curies":[{"name":"wp","href":"https:\/\/api.w.org\/{rel}","templated":true}]}}