{"id":186023,"date":"2026-03-22T11:13:11","date_gmt":"2026-03-22T14:13:11","guid":{"rendered":"https:\/\/www.blogdothame.blog.br\/v1\/?p=186023"},"modified":"2026-03-23T08:21:05","modified_gmt":"2026-03-23T11:21:05","slug":"carmen-camuso-lanca-seu-primeiro-livro-em-itabuna-com-celebracao-da-escrita-feminina","status":"publish","type":"post","link":"https:\/\/www.blogdothame.blog.br\/v1\/2026\/03\/22\/carmen-camuso-lanca-seu-primeiro-livro-em-itabuna-com-celebracao-da-escrita-feminina\/","title":{"rendered":"Carmen Camuso lan\u00e7a seu primeiro livro em Itabuna com celebra\u00e7\u00e3o da escrita feminina"},"content":{"rendered":"<p><img loading=\"lazy\" class=\"wp-image-186024 aligncenter\" src=\"https:\/\/www.blogdothame.blog.br\/v1\/wp-content\/uploads\/2026\/03\/PHOTO-2026-03-21-11-36-48-1.jpg\" alt=\"\" width=\"261\" height=\"348\" srcset=\"https:\/\/www.blogdothame.blog.br\/v1\/wp-content\/uploads\/2026\/03\/PHOTO-2026-03-21-11-36-48-1.jpg 413w, https:\/\/www.blogdothame.blog.br\/v1\/wp-content\/uploads\/2026\/03\/PHOTO-2026-03-21-11-36-48-1-225x300.jpg 225w\" sizes=\"(max-width: 261px) 100vw, 261px\" \/>No m\u00eas de mar\u00e7o, entre palavras que transbordam e narrativas que atravessam a experi\u00eancia feminina, a autora Carmen Camuso apresenta ao p\u00fablico seu primeiro livro, Manto Mulher, com lan\u00e7amento que acontecer\u00e1 no dia 27 (sexta-feira), \u00e0s 19h, no Espa\u00e7o Colaborativo de Artes \u2013 ECOAR, em Itabuna (BA).<\/p>\n<p><img loading=\"lazy\" class=\"alignleft wp-image-186026\" src=\"https:\/\/www.blogdothame.blog.br\/v1\/wp-content\/uploads\/2026\/03\/PHOTO-2026-03-21-11-36-48-2.jpg\" alt=\"\" width=\"257\" height=\"288\" srcset=\"https:\/\/www.blogdothame.blog.br\/v1\/wp-content\/uploads\/2026\/03\/PHOTO-2026-03-21-11-36-48-2.jpg 491w, https:\/\/www.blogdothame.blog.br\/v1\/wp-content\/uploads\/2026\/03\/PHOTO-2026-03-21-11-36-48-2-268x300.jpg 268w\" sizes=\"(max-width: 257px) 100vw, 257px\" \/>Carmen Camuso \u00e9 m\u00e3e, av\u00f3, feminista, psic\u00f3loga e mestre em Ci\u00eancias da Sa\u00fade. Sua trajet\u00f3ria \u00e9 marcada pelo compromisso com a escuta, o cuidado e a express\u00e3o sens\u00edvel das experi\u00eancias humanas. Integrante do Movimento Cultural Alvorecer, a autora tamb\u00e9m j\u00e1 organizou algumas produ\u00e7\u00f5es coletivas, como a Antologia P\u00e9talas e L\u00e2minas, com 66 autoras regionais e de outros estados. Segundo ela, as antologias reafirmam a pot\u00eancia da escrita compartilhada.<\/p>\n<p>Em Manto Mulher, Carmen convida leitoras e leitores a percorrerem paisagens \u00edntimas e coletivas do ser mulher, tecidas por mem\u00f3rias, afetos, dores e resist\u00eancias. A obra se constr\u00f3i como um manto simb\u00f3lico: protege e, ao mesmo tempo, revela as m\u00faltiplas camadas da exist\u00eancia feminina, em sua for\u00e7a e vulnerabilidade.<\/p>\n<p>&nbsp;<\/p>\n<p>O evento de lan\u00e7amento ser\u00e1 um momento de encontro, celebra\u00e7\u00e3o e partilha, reunindo literatura, sensibilidade e di\u00e1logo com o p\u00fablico. A entrada \u00e9 gratuita e aberta a todas as pessoas interessadas.<\/p>\n<p>&nbsp;<\/p>\n","protected":false},"excerpt":{"rendered":"<p>No m\u00eas de mar\u00e7o, entre palavras que transbordam e narrativas que atravessam a experi\u00eancia feminina, a autora Carmen Camuso apresenta ao p\u00fablico seu primeiro livro, Manto Mulher, com lan\u00e7amento que acontecer\u00e1 no dia 27 (sexta-feira), \u00e0s 19h, no Espa\u00e7o Colaborativo de Artes \u2013 ECOAR, em Itabuna (BA). Carmen Camuso \u00e9 m\u00e3e, av\u00f3, feminista, psic\u00f3loga e [&hellip;]<\/p>\n","protected":false},"author":2,"featured_media":186026,"comment_status":"open","ping_status":"open","sticky":false,"template":"","format":"standard","meta":{"_links_to":"","_links_to_target":""},"categories":[33434],"tags":[36989,41921,937,41922],"_links":{"self":[{"href":"https:\/\/www.blogdothame.blog.br\/v1\/wp-json\/wp\/v2\/posts\/186023"}],"collection":[{"href":"https:\/\/www.blogdothame.blog.br\/v1\/wp-json\/wp\/v2\/posts"}],"about":[{"href":"https:\/\/www.blogdothame.blog.br\/v1\/wp-json\/wp\/v2\/types\/post"}],"author":[{"embeddable":true,"href":"https:\/\/www.blogdothame.blog.br\/v1\/wp-json\/wp\/v2\/users\/2"}],"replies":[{"embeddable":true,"href":"https:\/\/www.blogdothame.blog.br\/v1\/wp-json\/wp\/v2\/comments?post=186023"}],"version-history":[{"count":2,"href":"https:\/\/www.blogdothame.blog.br\/v1\/wp-json\/wp\/v2\/posts\/186023\/revisions"}],"predecessor-version":[{"id":186032,"href":"https:\/\/www.blogdothame.blog.br\/v1\/wp-json\/wp\/v2\/posts\/186023\/revisions\/186032"}],"wp:featuredmedia":[{"embeddable":true,"href":"https:\/\/www.blogdothame.blog.br\/v1\/wp-json\/wp\/v2\/media\/186026"}],"wp:attachment":[{"href":"https:\/\/www.blogdothame.blog.br\/v1\/wp-json\/wp\/v2\/media?parent=186023"}],"wp:term":[{"taxonomy":"category","embeddable":true,"href":"https:\/\/www.blogdothame.blog.br\/v1\/wp-json\/wp\/v2\/categories?post=186023"},{"taxonomy":"post_tag","embeddable":true,"href":"https:\/\/www.blogdothame.blog.br\/v1\/wp-json\/wp\/v2\/tags?post=186023"}],"curies":[{"name":"wp","href":"https:\/\/api.w.org\/{rel}","templated":true}]}}