{"id":185964,"date":"2026-03-20T12:00:50","date_gmt":"2026-03-20T15:00:50","guid":{"rendered":"https:\/\/www.blogdothame.blog.br\/v1\/?p=185964"},"modified":"2026-03-20T10:48:48","modified_gmt":"2026-03-20T13:48:48","slug":"sec-convoca-mais-177-professores-da-educacao-profissional-e-240-da-educacao-basica-aprovados-em-processo-seletivo","status":"publish","type":"post","link":"https:\/\/www.blogdothame.blog.br\/v1\/2026\/03\/20\/sec-convoca-mais-177-professores-da-educacao-profissional-e-240-da-educacao-basica-aprovados-em-processo-seletivo\/","title":{"rendered":"SEC convoca mais 177 professores da Educa\u00e7\u00e3o Profissional e 240 da Educa\u00e7\u00e3o B\u00e1sica aprovados em processo seletivo"},"content":{"rendered":"<p><img loading=\"lazy\" class=\"alignleft size-medium wp-image-185965\" src=\"https:\/\/www.blogdothame.blog.br\/v1\/wp-content\/uploads\/2026\/03\/Foto-ilustrativa-Viviane-Macedo-2-300x200.jpeg\" alt=\"\" width=\"300\" height=\"200\" srcset=\"https:\/\/www.blogdothame.blog.br\/v1\/wp-content\/uploads\/2026\/03\/Foto-ilustrativa-Viviane-Macedo-2-300x200.jpeg 300w, https:\/\/www.blogdothame.blog.br\/v1\/wp-content\/uploads\/2026\/03\/Foto-ilustrativa-Viviane-Macedo-2.jpeg 409w\" sizes=\"(max-width: 300px) 100vw, 300px\" \/>A Secretaria da Educa\u00e7\u00e3o do Estado da Bahia (SEC) publicou, nesta sexta-feira (20), no Di\u00e1rio Oficial do Estado, portarias de convoca\u00e7\u00e3o de mais 177 candidatos aprovados no Processo Seletivo Simplificado, destinado ao provimento da fun\u00e7\u00e3o de professor da Educa\u00e7\u00e3o Profissional, regido pelo Edital SEC\/SUDEPE n\u00ba 03\/2025, e 240 candidatos aprovados para a fun\u00e7\u00e3o de professor da Educa\u00e7\u00e3o B\u00e1sica, atrav\u00e9s do Edital SEC\/SUDEPE n\u00ba 13\/2025. Os profissionais convocados atuar\u00e3o nas unidades escolares da rede estadual de ensino, sob o Regime Especial de Direito Administrativo (REDA).<\/p>\n<p>O per\u00edodo para a entrega da documenta\u00e7\u00e3o \u00e9 de 23 de mar\u00e7o a 6 de abril, conforme estabelecido na portaria. Os candidatos convocados devem encaminhar os documentos digitalizados para o correio eletr\u00f4nico\u00a0ingressocpm.sec@enova.educacao.ba.gov.br, para an\u00e1lise preliminar a ser realizada pela Coordena\u00e7\u00e3o de Provimento e Movimenta\u00e7\u00e3o (CPM). Entre os documentos exigidos est\u00e3o diploma de conclus\u00e3o do curso exigido para a fun\u00e7\u00e3o, documentos pessoais (RG e CPF), comprovante de resid\u00eancia e declara\u00e7\u00e3o de n\u00e3o ac\u00famulo de cargos e certid\u00f5es negativas.<\/p>\n<p><!--more--><\/p>\n<p>Al\u00e9m do envio eletr\u00f4nico, os convocados devem realizar a entrega presencial da documenta\u00e7\u00e3o, em original e fotoc\u00f3pia, para confer\u00eancia. Os aprovados no N\u00facleo Territorial de Educa\u00e7\u00e3o (NTE) 26 \u2013 Salvador precisam comparecer \u00e0 Secretaria da Educa\u00e7\u00e3o do Estado da Bahia, localizada na Avenida Luiz Viana Filho, n\u00ba 550, 5\u00aa Avenida, Centro Administrativo da Bahia (CAB), 1\u00ba andar, sala 117, no hor\u00e1rio das 8h30 \u00e0s 11h e das 14h \u00e0s 17h. J\u00e1 os candidatos aprovados para o interior do Estado devem comparecer \u00e0s sedes dos N\u00facleos Territoriais de Educa\u00e7\u00e3o (NTEs) correspondentes.<\/p>\n<p>O n\u00e3o atendimento \u00e0 convoca\u00e7\u00e3o, seja por aus\u00eancia ou envio incompleto da documenta\u00e7\u00e3o e\/ou fora do prazo estipulado implica a perda do direito ao ingresso na fun\u00e7\u00e3o tempor\u00e1ria, independentemente do motivo alegado.<\/p>\n<p>Os 417 candidatos aprovados para o exerc\u00edcio da fun\u00e7\u00e3o de docente da Educa\u00e7\u00e3o Profissional e da Educa\u00e7\u00e3o B\u00e1sica ter\u00e3o um v\u00ednculo contratual, via REDA, por 36 meses, podendo ser prorrogado por igual per\u00edodo, com carga hor\u00e1ria de 20 horas semanais.<\/p>\n<p>Convoca\u00e7\u00f5es anteriores em 2026<\/p>\n<p>Este ano, j\u00e1 foram realizadas sete convoca\u00e7\u00f5es de professor da Educa\u00e7\u00e3o Profissional, com o total de 1.862 candidatos. J\u00e1 para a fun\u00e7\u00e3o de professor da Educa\u00e7\u00e3o B\u00e1sica, foram feitas tr\u00eas convoca\u00e7\u00f5es, com 1.283 candidatos.<\/p>\n<p>&nbsp;<\/p>\n<p>Foto ilustrativa Viviane Mac\u00eado<\/p>\n","protected":false},"excerpt":{"rendered":"<p>A Secretaria da Educa\u00e7\u00e3o do Estado da Bahia (SEC) publicou, nesta sexta-feira (20), no Di\u00e1rio Oficial do Estado, portarias de convoca\u00e7\u00e3o de mais 177 candidatos aprovados no Processo Seletivo Simplificado, destinado ao provimento da fun\u00e7\u00e3o de professor da Educa\u00e7\u00e3o Profissional, regido pelo Edital SEC\/SUDEPE n\u00ba 03\/2025, e 240 candidatos aprovados para a fun\u00e7\u00e3o de professor [&hellip;]<\/p>\n","protected":false},"author":2,"featured_media":185965,"comment_status":"open","ping_status":"open","sticky":false,"template":"","format":"standard","meta":{"_links_to":"","_links_to_target":""},"categories":[1],"tags":[9490,6619,8961],"_links":{"self":[{"href":"https:\/\/www.blogdothame.blog.br\/v1\/wp-json\/wp\/v2\/posts\/185964"}],"collection":[{"href":"https:\/\/www.blogdothame.blog.br\/v1\/wp-json\/wp\/v2\/posts"}],"about":[{"href":"https:\/\/www.blogdothame.blog.br\/v1\/wp-json\/wp\/v2\/types\/post"}],"author":[{"embeddable":true,"href":"https:\/\/www.blogdothame.blog.br\/v1\/wp-json\/wp\/v2\/users\/2"}],"replies":[{"embeddable":true,"href":"https:\/\/www.blogdothame.blog.br\/v1\/wp-json\/wp\/v2\/comments?post=185964"}],"version-history":[{"count":1,"href":"https:\/\/www.blogdothame.blog.br\/v1\/wp-json\/wp\/v2\/posts\/185964\/revisions"}],"predecessor-version":[{"id":185966,"href":"https:\/\/www.blogdothame.blog.br\/v1\/wp-json\/wp\/v2\/posts\/185964\/revisions\/185966"}],"wp:featuredmedia":[{"embeddable":true,"href":"https:\/\/www.blogdothame.blog.br\/v1\/wp-json\/wp\/v2\/media\/185965"}],"wp:attachment":[{"href":"https:\/\/www.blogdothame.blog.br\/v1\/wp-json\/wp\/v2\/media?parent=185964"}],"wp:term":[{"taxonomy":"category","embeddable":true,"href":"https:\/\/www.blogdothame.blog.br\/v1\/wp-json\/wp\/v2\/categories?post=185964"},{"taxonomy":"post_tag","embeddable":true,"href":"https:\/\/www.blogdothame.blog.br\/v1\/wp-json\/wp\/v2\/tags?post=185964"}],"curies":[{"name":"wp","href":"https:\/\/api.w.org\/{rel}","templated":true}]}}