{"id":185760,"date":"2026-03-13T16:08:19","date_gmt":"2026-03-13T19:08:19","guid":{"rendered":"https:\/\/www.blogdothame.blog.br\/v1\/?p=185760"},"modified":"2026-03-13T16:11:17","modified_gmt":"2026-03-13T19:11:17","slug":"rinara-luz-deixa-a-chefia-de-redacao-da-tv-santa-cruz","status":"publish","type":"post","link":"https:\/\/www.blogdothame.blog.br\/v1\/2026\/03\/13\/rinara-luz-deixa-a-chefia-de-redacao-da-tv-santa-cruz\/","title":{"rendered":"Rinara Luz deixa a chefia de Reda\u00e7\u00e3o da TV Santa Cruz"},"content":{"rendered":"<p style=\"text-align: center;\"><strong>Profissional se aposenta, ap\u00f3s 29 anos na emissora<\/strong><\/p>\n<div id=\"attachment_185761\" style=\"width: 355px\" class=\"wp-caption aligncenter\"><img aria-describedby=\"caption-attachment-185761\" loading=\"lazy\" class=\" wp-image-185761\" src=\"https:\/\/www.blogdothame.blog.br\/v1\/wp-content\/uploads\/2026\/03\/PHOTO-2026-03-13-15-55-33.jpg\" alt=\"\" width=\"345\" height=\"321\" srcset=\"https:\/\/www.blogdothame.blog.br\/v1\/wp-content\/uploads\/2026\/03\/PHOTO-2026-03-13-15-55-33.jpg 575w, https:\/\/www.blogdothame.blog.br\/v1\/wp-content\/uploads\/2026\/03\/PHOTO-2026-03-13-15-55-33-300x280.jpg 300w\" sizes=\"(max-width: 345px) 100vw, 345px\" \/><p id=\"caption-attachment-185761\" class=\"wp-caption-text\">Rinara Luz<\/p><\/div>\n<p>A jornalista Rinara Luz deixou hoje a chefia de Reda\u00e7\u00e3o da TV Santa-Cruz, Rede Bahia. A profissional, que passa a desfrutar da aposentadoria. \u00a0encerra um ciclo de mais de tr\u00eas d\u00e9cadas dedicadas ao jornalismo, per\u00edodo marcado por contribui\u00e7\u00e3o significativa para a constru\u00e7\u00e3o da hist\u00f3ria da emissora e da comunica\u00e7\u00e3o regional.<\/p>\n<p>&nbsp;<\/p>\n<p>Ao longo de sua trajet\u00f3ria, Rinara Luz acumulou 33 anos de atua\u00e7\u00e3o na Rede Bahia, sendo 29 deles na TV Santa Cruz. Iniciou sua carreira no jornalismo ainda aos 16 anos e construiu uma caminhada profissional marcada por diferentes fun\u00e7\u00f5es nas reda\u00e7\u00f5es. Entre os cargos ocupados est\u00e3o os de produtora, editora de texto, chefe de reportagem e chefe de reda\u00e7\u00e3o.<\/p>\n<p>Antes de integrar a equipe da TV Santa Cruz, Rinara iniciou sua experi\u00eancia na \u00e1rea na TV Leste, em Governador Valadares, Minas Gerais. Ao longo dos anos, consolidou-se como refer\u00eancia no jornalismo regional, contribuindo para a forma\u00e7\u00e3o de profissionais e para o fortalecimento do trabalho editorial da emissora.<\/p>\n<p>&nbsp;<\/p>\n<p>No encerramento do\u00a0 Bahia Meio Dia desta sexta-feira, profissionais da emissora homenagearam Rinara Luz, pessoa extremamente querida pelos companheiros, pelo profissionalismo e pelo trato gentil com as pessoas.<\/p>\n<p><!--more--><\/p>\n<p>Com a aposentadoria e a sa\u00edda da jornalista, a chefia de Reda\u00e7\u00e3o da TV Santa Cruz passa a ser ocupada por Paulo Santana. O profissional tem 32 anos e integra a equipe da emissora desde 2021, atuando como editor de texto. Formado em Jornalismo, Paulo assume a nova fun\u00e7\u00e3o com a responsabilidade de dar continuidade ao trabalho desenvolvido no departamento de Jornalismo.<\/p>\n","protected":false},"excerpt":{"rendered":"<p>Profissional se aposenta, ap\u00f3s 29 anos na emissora A jornalista Rinara Luz deixou hoje a chefia de Reda\u00e7\u00e3o da TV Santa-Cruz, Rede Bahia. A profissional, que passa a desfrutar da aposentadoria. \u00a0encerra um ciclo de mais de tr\u00eas d\u00e9cadas dedicadas ao jornalismo, per\u00edodo marcado por contribui\u00e7\u00e3o significativa para a constru\u00e7\u00e3o da hist\u00f3ria da emissora e [&hellip;]<\/p>\n","protected":false},"author":2,"featured_media":185761,"comment_status":"open","ping_status":"open","sticky":false,"template":"","format":"standard","meta":{"_links_to":"","_links_to_target":""},"categories":[33434],"tags":[6549,41876,752],"_links":{"self":[{"href":"https:\/\/www.blogdothame.blog.br\/v1\/wp-json\/wp\/v2\/posts\/185760"}],"collection":[{"href":"https:\/\/www.blogdothame.blog.br\/v1\/wp-json\/wp\/v2\/posts"}],"about":[{"href":"https:\/\/www.blogdothame.blog.br\/v1\/wp-json\/wp\/v2\/types\/post"}],"author":[{"embeddable":true,"href":"https:\/\/www.blogdothame.blog.br\/v1\/wp-json\/wp\/v2\/users\/2"}],"replies":[{"embeddable":true,"href":"https:\/\/www.blogdothame.blog.br\/v1\/wp-json\/wp\/v2\/comments?post=185760"}],"version-history":[{"count":1,"href":"https:\/\/www.blogdothame.blog.br\/v1\/wp-json\/wp\/v2\/posts\/185760\/revisions"}],"predecessor-version":[{"id":185762,"href":"https:\/\/www.blogdothame.blog.br\/v1\/wp-json\/wp\/v2\/posts\/185760\/revisions\/185762"}],"wp:featuredmedia":[{"embeddable":true,"href":"https:\/\/www.blogdothame.blog.br\/v1\/wp-json\/wp\/v2\/media\/185761"}],"wp:attachment":[{"href":"https:\/\/www.blogdothame.blog.br\/v1\/wp-json\/wp\/v2\/media?parent=185760"}],"wp:term":[{"taxonomy":"category","embeddable":true,"href":"https:\/\/www.blogdothame.blog.br\/v1\/wp-json\/wp\/v2\/categories?post=185760"},{"taxonomy":"post_tag","embeddable":true,"href":"https:\/\/www.blogdothame.blog.br\/v1\/wp-json\/wp\/v2\/tags?post=185760"}],"curies":[{"name":"wp","href":"https:\/\/api.w.org\/{rel}","templated":true}]}}