{"id":185632,"date":"2026-03-11T09:40:15","date_gmt":"2026-03-11T12:40:15","guid":{"rendered":"https:\/\/www.blogdothame.blog.br\/v1\/?p=185632"},"modified":"2026-03-11T08:57:27","modified_gmt":"2026-03-11T11:57:27","slug":"conjunto-penal-de-itabuna-celebra-dia-da-mulher-com-mutirao-de-servicos","status":"publish","type":"post","link":"https:\/\/www.blogdothame.blog.br\/v1\/2026\/03\/11\/conjunto-penal-de-itabuna-celebra-dia-da-mulher-com-mutirao-de-servicos\/","title":{"rendered":"Conjunto Penal de Itabuna celebra Dia da Mulher com  Mutir\u00e3o de Servi\u00e7os"},"content":{"rendered":"<p><img loading=\"lazy\" class=\"aligncenter  wp-image-185633\" src=\"https:\/\/www.blogdothame.blog.br\/v1\/wp-content\/uploads\/2026\/03\/cepi-mul.jpg\" alt=\"\" width=\"454\" height=\"255\" srcset=\"https:\/\/www.blogdothame.blog.br\/v1\/wp-content\/uploads\/2026\/03\/cepi-mul.jpg 600w, https:\/\/www.blogdothame.blog.br\/v1\/wp-content\/uploads\/2026\/03\/cepi-mul-300x169.jpg 300w\" sizes=\"(max-width: 454px) 100vw, 454px\" \/>O Conjunto Penal de Itabuna realizou uma a\u00e7\u00e3o especial em homenagem ao Dia Internacional da Mulher, reunindo servi\u00e7os de cuidado, sa\u00fade, valoriza\u00e7\u00e3o da autoestima e cidadania. Foi uma manh\u00e3 repleta de atividades l\u00fadicas, palestras, roda de leitura entre outras atividades (veja abaixo).<\/p>\n<p><img loading=\"lazy\" class=\"alignright wp-image-94257 size-medium lazyloaded\" src=\"https:\/\/otrombone.com.br\/wp-content\/uploads\/2026\/03\/Screenshot_20260309_230051_Instagram-165x300.jpg\" sizes=\"(max-width: 165px) 100vw, 165px\" srcset=\"https:\/\/otrombone.com.br\/wp-content\/uploads\/2026\/03\/Screenshot_20260309_230051_Instagram-165x300.jpg 165w, https:\/\/otrombone.com.br\/wp-content\/uploads\/2026\/03\/Screenshot_20260309_230051_Instagram-562x1024.jpg 562w, https:\/\/otrombone.com.br\/wp-content\/uploads\/2026\/03\/Screenshot_20260309_230051_Instagram-768x1399.jpg 768w, https:\/\/otrombone.com.br\/wp-content\/uploads\/2026\/03\/Screenshot_20260309_230051_Instagram-843x1536.jpg 843w, https:\/\/otrombone.com.br\/wp-content\/uploads\/2026\/03\/Screenshot_20260309_230051_Instagram-585x1065.jpg 585w, https:\/\/otrombone.com.br\/wp-content\/uploads\/2026\/03\/Screenshot_20260309_230051_Instagram-scaled.jpg 593w\" alt=\"\" width=\"165\" height=\"300\" data-srcset=\"https:\/\/otrombone.com.br\/wp-content\/uploads\/2026\/03\/Screenshot_20260309_230051_Instagram-165x300.jpg 165w, https:\/\/otrombone.com.br\/wp-content\/uploads\/2026\/03\/Screenshot_20260309_230051_Instagram-562x1024.jpg 562w, https:\/\/otrombone.com.br\/wp-content\/uploads\/2026\/03\/Screenshot_20260309_230051_Instagram-768x1399.jpg 768w, https:\/\/otrombone.com.br\/wp-content\/uploads\/2026\/03\/Screenshot_20260309_230051_Instagram-843x1536.jpg 843w, https:\/\/otrombone.com.br\/wp-content\/uploads\/2026\/03\/Screenshot_20260309_230051_Instagram-585x1065.jpg 585w, https:\/\/otrombone.com.br\/wp-content\/uploads\/2026\/03\/Screenshot_20260309_230051_Instagram-scaled.jpg 593w\" data-src=\"https:\/\/otrombone.com.br\/wp-content\/uploads\/2026\/03\/Screenshot_20260309_230051_Instagram-165x300.jpg\" data-sizes=\"(max-width: 165px) 100vw, 165px\" \/>A iniciativa, coordenada pela Socializa, empresa que administra o pres\u00eddio em cogest\u00e3o com o Governo do Estado, por meio da Secretaria de Administra\u00e7\u00e3o Penitenci\u00e1ria e Ressocializa\u00e7\u00e3o (SEAP), contou com a participa\u00e7\u00e3o do secret\u00e1rio Jos\u00e9 Castro, que veio acompanhado do superntendente da Gest\u00e3o Prisional, Luiz Cl\u00e1udio Santos da Silva; do superntendente de Ressocializa\u00e7\u00e3o Sustent\u00e1vel, Bacildes Azevedo Moraes Terceiro; al\u00e9m da dire\u00e7\u00e3o local da unidade, representada pelo diretor Jos\u00e9 Fabiano e pelo diretor-adjunto, Bruno Pitanga.<\/p>\n<p><img loading=\"lazy\" class=\"wp-image-94258 size-medium alignleft lazyloaded\" src=\"https:\/\/otrombone.com.br\/wp-content\/uploads\/2026\/03\/Screenshot_20260309_225956_Instagram-164x300.jpg\" sizes=\"(max-width: 164px) 100vw, 164px\" srcset=\"https:\/\/otrombone.com.br\/wp-content\/uploads\/2026\/03\/Screenshot_20260309_225956_Instagram-164x300.jpg 164w, https:\/\/otrombone.com.br\/wp-content\/uploads\/2026\/03\/Screenshot_20260309_225956_Instagram-561x1024.jpg 561w, https:\/\/otrombone.com.br\/wp-content\/uploads\/2026\/03\/Screenshot_20260309_225956_Instagram-768x1403.jpg 768w, https:\/\/otrombone.com.br\/wp-content\/uploads\/2026\/03\/Screenshot_20260309_225956_Instagram-841x1536.jpg 841w, https:\/\/otrombone.com.br\/wp-content\/uploads\/2026\/03\/Screenshot_20260309_225956_Instagram-585x1069.jpg 585w, https:\/\/otrombone.com.br\/wp-content\/uploads\/2026\/03\/Screenshot_20260309_225956_Instagram-scaled.jpg 591w\" alt=\"\" width=\"164\" height=\"300\" data-srcset=\"https:\/\/otrombone.com.br\/wp-content\/uploads\/2026\/03\/Screenshot_20260309_225956_Instagram-164x300.jpg 164w, https:\/\/otrombone.com.br\/wp-content\/uploads\/2026\/03\/Screenshot_20260309_225956_Instagram-561x1024.jpg 561w, https:\/\/otrombone.com.br\/wp-content\/uploads\/2026\/03\/Screenshot_20260309_225956_Instagram-768x1403.jpg 768w, https:\/\/otrombone.com.br\/wp-content\/uploads\/2026\/03\/Screenshot_20260309_225956_Instagram-841x1536.jpg 841w, https:\/\/otrombone.com.br\/wp-content\/uploads\/2026\/03\/Screenshot_20260309_225956_Instagram-585x1069.jpg 585w, https:\/\/otrombone.com.br\/wp-content\/uploads\/2026\/03\/Screenshot_20260309_225956_Instagram-scaled.jpg 591w\" data-src=\"https:\/\/otrombone.com.br\/wp-content\/uploads\/2026\/03\/Screenshot_20260309_225956_Instagram-164x300.jpg\" data-sizes=\"(max-width: 164px) 100vw, 164px\" \/>A a\u00e7\u00e3o ofereceu um verdadeiro mutir\u00e3o de servi\u00e7os, com foco no bem-estar f\u00edsico, emocional e social. Entre as atividades disponibilizadas, destacam-se as de \u201cBeleza e autocuidado: extens\u00e3o de c\u00edlios, design de sobrancelhas, ventosaterapia e trancista\u201d; \u201cSa\u00fade preventiva: exames ginecol\u00f3gicos e testes r\u00e1pidos\u201d; \u201cApoio jur\u00eddico e documental: atendimento com o jur\u00eddico da unidade para revis\u00e3o de processos das mulheres custodiadas e mutir\u00e3o para emiss\u00e3o de documenta\u00e7\u00e3o civil b\u00e1sica\u201d; e \u201cForma\u00e7\u00e3o e acolhimento: palestras com a equipe do CERPAT e com a Psicologia da Unidade. Tamb\u00e9m foram realizadas din\u00e2micas interativas; bingo organizado pelo setor de Educa\u00e7\u00e3o F\u00edsica; al\u00e9m de almo\u00e7o coletivo.<\/p>\n<p>&nbsp;<\/p>\n<p>Segundo a organiza\u00e7\u00e3o, o objetivo foi proporcionar um dia de garantia de direitos e fortalecimento de v\u00ednculos, ampliando a aten\u00e7\u00e3o \u00e0s necessidades das mulheres privadas de liberdade, em sintonia com princ\u00edpios de dignidade humana e ressocializa\u00e7\u00e3o.<\/p>\n<p><!--more--><\/p>\n<p><strong>Import\u00e2ncia do cuidado e da ressocializa\u00e7\u00e3o<\/strong><\/p>\n<p>Durante o mutir\u00e3o, o secret\u00e1rio Jos\u00e9 Castro enfatizou a relev\u00e2ncia de a\u00e7\u00f5es que promovam cuidado, educa\u00e7\u00e3o, sa\u00fade e lazer no ambiente prisional. Para ele, \u201ciniciativas desse tipo s\u00e3o essenciais para valorizar as mulheres e demonstrar o compromisso com uma gest\u00e3o que integra assist\u00eancia t\u00e9cnica e humaniza\u00e7\u00e3o\u201d.<\/p>\n<p>O gestor tamb\u00e9m ressaltou o papel das atividades ressocializadoras em preparar as mulheres para uma vida com mais oportunidades depois do cumprimento da medida privativa de liberdade.<\/p>\n<p>O Conjunto Penal de Itabuna, administrado em regime de cogest\u00e3o pela Socializa com o Governo do Estado, j\u00e1 desenvolve a\u00e7\u00f5es para o p\u00fablico feminino, refor\u00e7ando pol\u00edticas de cuidado e apoio dentro do sistema prisional.<\/p>\n<p>Para o presidente da Socializa, Eduardo Brim Fialho, o mutir\u00e3o demonstra como a uni\u00e3o entre \u00f3rg\u00e3os p\u00fablicos, empresa de gest\u00e3o e equipe t\u00e9cnica especializada pode resultar em a\u00e7\u00f5es concretas de cuidado e promo\u00e7\u00e3o de direitos. \u201cEsse evento representa n\u00e3o apenas um dia de servi\u00e7os e conviv\u00eancia, mas tamb\u00e9m um gesto de reconhecimento e apoio institucional para as mulheres, e refor\u00e7a a nossa convic\u00e7\u00e3o de que educa\u00e7\u00e3o, sa\u00fade, e garantia de direitos s\u00e3o pilares fundamentais de qualquer programa s\u00e9rio de ressocializa\u00e7\u00e3o\u201d.<\/p>\n<p>A programa\u00e7\u00e3o contou com a presen\u00e7a do juiz Ant\u00f4nio Carlos Maldonado Bertacco, titular da Vara de Execu\u00e7\u00f5es Penais e Medidas Alternativas de Itabuna. Tamb\u00e9m participaram representantes do Conselho da Comunidade, da Ordem dos Advogados do Brasil (OAB) e representantes da sociedade civil organizada.<\/p>\n","protected":false},"excerpt":{"rendered":"<p>O Conjunto Penal de Itabuna realizou uma a\u00e7\u00e3o especial em homenagem ao Dia Internacional da Mulher, reunindo servi\u00e7os de cuidado, sa\u00fade, valoriza\u00e7\u00e3o da autoestima e cidadania. Foi uma manh\u00e3 repleta de atividades l\u00fadicas, palestras, roda de leitura entre outras atividades (veja abaixo). A iniciativa, coordenada pela Socializa, empresa que administra o pres\u00eddio em cogest\u00e3o com [&hellip;]<\/p>\n","protected":false},"author":2,"featured_media":185633,"comment_status":"open","ping_status":"open","sticky":false,"template":"","format":"standard","meta":{"_links_to":"","_links_to_target":""},"categories":[33434],"tags":[7107,9018,41848],"_links":{"self":[{"href":"https:\/\/www.blogdothame.blog.br\/v1\/wp-json\/wp\/v2\/posts\/185632"}],"collection":[{"href":"https:\/\/www.blogdothame.blog.br\/v1\/wp-json\/wp\/v2\/posts"}],"about":[{"href":"https:\/\/www.blogdothame.blog.br\/v1\/wp-json\/wp\/v2\/types\/post"}],"author":[{"embeddable":true,"href":"https:\/\/www.blogdothame.blog.br\/v1\/wp-json\/wp\/v2\/users\/2"}],"replies":[{"embeddable":true,"href":"https:\/\/www.blogdothame.blog.br\/v1\/wp-json\/wp\/v2\/comments?post=185632"}],"version-history":[{"count":1,"href":"https:\/\/www.blogdothame.blog.br\/v1\/wp-json\/wp\/v2\/posts\/185632\/revisions"}],"predecessor-version":[{"id":185634,"href":"https:\/\/www.blogdothame.blog.br\/v1\/wp-json\/wp\/v2\/posts\/185632\/revisions\/185634"}],"wp:featuredmedia":[{"embeddable":true,"href":"https:\/\/www.blogdothame.blog.br\/v1\/wp-json\/wp\/v2\/media\/185633"}],"wp:attachment":[{"href":"https:\/\/www.blogdothame.blog.br\/v1\/wp-json\/wp\/v2\/media?parent=185632"}],"wp:term":[{"taxonomy":"category","embeddable":true,"href":"https:\/\/www.blogdothame.blog.br\/v1\/wp-json\/wp\/v2\/categories?post=185632"},{"taxonomy":"post_tag","embeddable":true,"href":"https:\/\/www.blogdothame.blog.br\/v1\/wp-json\/wp\/v2\/tags?post=185632"}],"curies":[{"name":"wp","href":"https:\/\/api.w.org\/{rel}","templated":true}]}}