{"id":185499,"date":"2026-03-07T08:42:33","date_gmt":"2026-03-07T11:42:33","guid":{"rendered":"https:\/\/www.blogdothame.blog.br\/v1\/?p=185499"},"modified":"2026-03-07T08:42:33","modified_gmt":"2026-03-07T11:42:33","slug":"em-dia-de-visita-de-acm-neto-prefeitos-da-regiao-se-reunem-em-evento-paralelo-na-cidade-de-ipiau","status":"publish","type":"post","link":"https:\/\/www.blogdothame.blog.br\/v1\/2026\/03\/07\/em-dia-de-visita-de-acm-neto-prefeitos-da-regiao-se-reunem-em-evento-paralelo-na-cidade-de-ipiau\/","title":{"rendered":"Em dia de visita de ACM Neto, prefeitos da regi\u00e3o se re\u00fanem em evento paralelo na cidade de Ipia\u00fa"},"content":{"rendered":"<p><img loading=\"lazy\" class=\"aligncenter  wp-image-185500\" src=\"https:\/\/www.blogdothame.blog.br\/v1\/wp-content\/uploads\/2026\/03\/PHOTO-2026-03-07-08-04-11.jpg\" alt=\"\" width=\"438\" height=\"284\" srcset=\"https:\/\/www.blogdothame.blog.br\/v1\/wp-content\/uploads\/2026\/03\/PHOTO-2026-03-07-08-04-11.jpg 600w, https:\/\/www.blogdothame.blog.br\/v1\/wp-content\/uploads\/2026\/03\/PHOTO-2026-03-07-08-04-11-300x195.jpg 300w\" sizes=\"(max-width: 438px) 100vw, 438px\" \/><\/p>\n<p>Durante a visita do ex-prefeito de Salvador ACM Neto (UB) a cidade de Ipia\u00fa, prefeitos do M\u00e9dio Rio de Contas, recepcionados pela anfitri\u00e3 e prefeita do munic\u00edpio, Laryssa Dias (PP) participaram de um evento paralelo ao ato do opositor de Jer\u00f4nimo Rodrigues (PT).<\/p>\n<p>Enquanto ACM, deputados da oposi\u00e7\u00e3o e correligion\u00e1rios discutiam com produtores a quest\u00e3o da produ\u00e7\u00e3o de cacau na regi\u00e3o, por\u00e9m sem apresentar propostas, prefeitos, vice-prefeitos e tamb\u00e9m produtores lotavam o Complexo Poliesportivo Cultural de Ipia\u00fa para um evento intitulado Encontro Estrat\u00e9gico da Cadeia Produtiva do Cacau, com a participa\u00e7\u00e3o de Jeandro Ribeiro, presidente da Companhia de Desenvolvimento e A\u00e7\u00e3o Regional \u2013 CAR, \u00f3rg\u00e3o do Governo do Estado, da irm\u00e3 do governador, Rita Rodrigues, e outros representantes do Governo. Um termo de coopera\u00e7\u00e3o t\u00e9cnica para a\u00e7\u00f5es voltadas a produ\u00e7\u00e3o do cacau entre CAR e Cons\u00f3rcio do M\u00e9dio Rio de Contas foi assinado pelos prefeitos., entre os presentes a prefeita de Aiquara, Val\u00e9ria Ribeiro (PP), que nas elei\u00e7\u00f5es passadas apoiou ACM e migrou para a base governista.<\/p>\n<p>Ao contr\u00e1rio do que pensa ACM, que em entrevista recente minimizou o apoio da dos prefeitos a Jer\u00f4nimo na disputa ao Governo nas elei\u00e7\u00f5es de 2026, a alian\u00e7a de gestores municipais com o chefe do Executivo do Estado pode impactar antes mesmo das elei\u00e7\u00f5es, a for\u00e7a da m\u00e1quina p\u00fablica pode ser decisiva, como foi em 2022.<\/p>\n","protected":false},"excerpt":{"rendered":"<p>Durante a visita do ex-prefeito de Salvador ACM Neto (UB) a cidade de Ipia\u00fa, prefeitos do M\u00e9dio Rio de Contas, recepcionados pela anfitri\u00e3 e prefeita do munic\u00edpio, Laryssa Dias (PP) participaram de um evento paralelo ao ato do opositor de Jer\u00f4nimo Rodrigues (PT). Enquanto ACM, deputados da oposi\u00e7\u00e3o e correligion\u00e1rios discutiam com produtores a quest\u00e3o [&hellip;]<\/p>\n","protected":false},"author":2,"featured_media":185500,"comment_status":"open","ping_status":"open","sticky":false,"template":"","format":"standard","meta":{"_links_to":"","_links_to_target":""},"categories":[33433,1],"tags":[1241,3526,12213],"_links":{"self":[{"href":"https:\/\/www.blogdothame.blog.br\/v1\/wp-json\/wp\/v2\/posts\/185499"}],"collection":[{"href":"https:\/\/www.blogdothame.blog.br\/v1\/wp-json\/wp\/v2\/posts"}],"about":[{"href":"https:\/\/www.blogdothame.blog.br\/v1\/wp-json\/wp\/v2\/types\/post"}],"author":[{"embeddable":true,"href":"https:\/\/www.blogdothame.blog.br\/v1\/wp-json\/wp\/v2\/users\/2"}],"replies":[{"embeddable":true,"href":"https:\/\/www.blogdothame.blog.br\/v1\/wp-json\/wp\/v2\/comments?post=185499"}],"version-history":[{"count":1,"href":"https:\/\/www.blogdothame.blog.br\/v1\/wp-json\/wp\/v2\/posts\/185499\/revisions"}],"predecessor-version":[{"id":185501,"href":"https:\/\/www.blogdothame.blog.br\/v1\/wp-json\/wp\/v2\/posts\/185499\/revisions\/185501"}],"wp:featuredmedia":[{"embeddable":true,"href":"https:\/\/www.blogdothame.blog.br\/v1\/wp-json\/wp\/v2\/media\/185500"}],"wp:attachment":[{"href":"https:\/\/www.blogdothame.blog.br\/v1\/wp-json\/wp\/v2\/media?parent=185499"}],"wp:term":[{"taxonomy":"category","embeddable":true,"href":"https:\/\/www.blogdothame.blog.br\/v1\/wp-json\/wp\/v2\/categories?post=185499"},{"taxonomy":"post_tag","embeddable":true,"href":"https:\/\/www.blogdothame.blog.br\/v1\/wp-json\/wp\/v2\/tags?post=185499"}],"curies":[{"name":"wp","href":"https:\/\/api.w.org\/{rel}","templated":true}]}}