{"id":185494,"date":"2026-03-07T16:52:03","date_gmt":"2026-03-07T19:52:03","guid":{"rendered":"https:\/\/www.blogdothame.blog.br\/v1\/?p=185494"},"modified":"2026-03-06T16:58:02","modified_gmt":"2026-03-06T19:58:02","slug":"marco-de-todas-as-mulheres-comeca-neste-domingo-com-mais-de-41-mil-atendimentos-de-saude-na-bahia","status":"publish","type":"post","link":"https:\/\/www.blogdothame.blog.br\/v1\/2026\/03\/07\/marco-de-todas-as-mulheres-comeca-neste-domingo-com-mais-de-41-mil-atendimentos-de-saude-na-bahia\/","title":{"rendered":"Mar\u00e7o de Todas as Mulheres come\u00e7a neste domingo com mais de 41 mil atendimentos de sa\u00fade na Bahia"},"content":{"rendered":"<p><img loading=\"lazy\" class=\"aligncenter wp-image-185495\" src=\"https:\/\/www.blogdothame.blog.br\/v1\/wp-content\/uploads\/2026\/03\/Foto-Jamile-Amine-Saude-GovBA.jpeg\" alt=\"\" width=\"377\" height=\"251\" srcset=\"https:\/\/www.blogdothame.blog.br\/v1\/wp-content\/uploads\/2026\/03\/Foto-Jamile-Amine-Saude-GovBA.jpeg 498w, https:\/\/www.blogdothame.blog.br\/v1\/wp-content\/uploads\/2026\/03\/Foto-Jamile-Amine-Saude-GovBA-300x200.jpeg 300w\" sizes=\"(max-width: 377px) 100vw, 377px\" \/>O Governo da Bahia inicia neste domingo (8), Dia Internacional da Mulher, a programa\u00e7\u00e3o do Mar\u00e7o de Todas as Mulheres, com a oferta de mais de 41 mil atendimentos voltados ao p\u00fablico feminino at\u00e9 o fim do m\u00eas. A abertura ser\u00e1 em Salvador, no novo Centro Social Urbano (CSU) de Val\u00e9ria, com atendimento por demanda espont\u00e2nea nos dias 8 e 9. Nas demais a\u00e7\u00f5es, o acesso ser\u00e1 por agendamento pelo site ou aplicativo\u00a0BA.GOV.BR, a partir das 7h de segunda-feira (9).<\/p>\n<p>Coordenada pela Secretaria da Sa\u00fade do Estado (Sesab), a mobiliza\u00e7\u00e3o re\u00fane consultas, exames, vacina\u00e7\u00e3o, testagem r\u00e1pida e a\u00e7\u00f5es de preven\u00e7\u00e3o na capital e no interior. A estrat\u00e9gia do governo \u00e9 ampliar o acesso das mulheres a servi\u00e7os ligados \u00e0 detec\u00e7\u00e3o precoce de doen\u00e7as, ao acompanhamento ginecol\u00f3gico e \u00e0 promo\u00e7\u00e3o da sa\u00fade integral.<\/p>\n<p><img loading=\"lazy\" class=\"aligncenter wp-image-185496\" src=\"https:\/\/www.blogdothame.blog.br\/v1\/wp-content\/uploads\/2026\/03\/Foto-Leonardo-Rattes-Saude-GovBA-1.jpg\" alt=\"\" width=\"340\" height=\"226\" srcset=\"https:\/\/www.blogdothame.blog.br\/v1\/wp-content\/uploads\/2026\/03\/Foto-Leonardo-Rattes-Saude-GovBA-1.jpg 409w, https:\/\/www.blogdothame.blog.br\/v1\/wp-content\/uploads\/2026\/03\/Foto-Leonardo-Rattes-Saude-GovBA-1-300x200.jpg 300w\" sizes=\"(max-width: 340px) 100vw, 340px\" \/><br \/>\nNo CSU de Val\u00e9ria, estar\u00e3o dispon\u00edveis consultas com nutricionista e ginecologista, ultrassonografia transvaginal e de abd\u00f4men total, exame citopatol\u00f3gico do colo do \u00fatero, imuniza\u00e7\u00e3o, testagem r\u00e1pida para Infec\u00e7\u00f5es Sexualmente Transmiss\u00edveis (ISTs), orienta\u00e7\u00e3o sexual com distribui\u00e7\u00e3o de preservativos, al\u00e9m de verifica\u00e7\u00e3o de press\u00e3o arterial e glicemia capilar. A unidade fica na Rua Regina Andrea, em Val\u00e9ria.<\/p>\n<p><!--more--><br \/>\nA secret\u00e1ria da Sa\u00fade do Estado da Bahia, Roberta Santana, destaca que a a\u00e7\u00e3o foi estruturada para garantir a presen\u00e7a do poder p\u00fablico onde a mulher mais precisa. &#8220;Estamos falando de uma grande mobiliza\u00e7\u00e3o da rede estadual para assegurar \u00e0s mulheres acesso a consultas, exames e a\u00e7\u00f5es de preven\u00e7\u00e3o em diferentes regi\u00f5es da Bahia. Quando o Estado amplia essa oferta, ele n\u00e3o est\u00e1 apenas prestando servi\u00e7o, est\u00e1 defendendo um direito fundamental, que \u00e9 o direito \u00e0 sa\u00fade, ao cuidado e ao diagn\u00f3stico no tempo certo&#8221;, disse.<\/p>\n<p>Ao longo do m\u00eas de mar\u00e7o, a programa\u00e7\u00e3o passar\u00e1 ainda por Cajazeiras nos dias 12 e 13, e pelo Sub\u00farbio Ferrovi\u00e1rio nos dias 26 e 27, ambos em Salvador. Tamb\u00e9m haver\u00e1 oferta itinerante de ultrassonografias, consultas e exames nas policl\u00ednicas de Narandiba e Escada, na capital, e nas policl\u00ednicas regionais de sa\u00fade nos munic\u00edpios de Jequi\u00e9, Teixeira de Freitas, Valen\u00e7a, Juazeiro, Paulo Afonso, Ribeira do Pombal, Serrinha, Alagoinhas, Brumado, Santa Maria da Vit\u00f3ria, Barreiras e Itaberaba. No dia 29, a agenda ser\u00e1 encerrada com a inaugura\u00e7\u00e3o do novo ambulat\u00f3rio do Hospital da Mulher, em Salvador.<\/p>\n<p><img loading=\"lazy\" class=\"aligncenter wp-image-185497\" src=\"https:\/\/www.blogdothame.blog.br\/v1\/wp-content\/uploads\/2026\/03\/Foto-Leonardo-Rattes-Saude-GovBA-2.jpg\" alt=\"\" width=\"356\" height=\"237\" srcset=\"https:\/\/www.blogdothame.blog.br\/v1\/wp-content\/uploads\/2026\/03\/Foto-Leonardo-Rattes-Saude-GovBA-2.jpg 437w, https:\/\/www.blogdothame.blog.br\/v1\/wp-content\/uploads\/2026\/03\/Foto-Leonardo-Rattes-Saude-GovBA-2-300x200.jpg 300w\" sizes=\"(max-width: 356px) 100vw, 356px\" \/><br \/>\nA secret\u00e1ria das Mulheres do Estado, Neusa Cadore, falou sobre a import\u00e2ncia da iniciativa. &#8220;Este programa \u00a0representa a transversalidade das pol\u00edticas para as mulheres que s\u00e3o executadas no conjunto do governo, a partir da Plataforma Elas \u00e0 Frente. Mais do que isso, todos estes servi\u00e7os oferecidos demonstram que o Governo do Estado est\u00e1 do Lado das Mulheres, com a\u00e7\u00f5es concretas e neste caso, assegurando o acesso e o direito \u00e0 sa\u00fade\u201d, afirmou.<\/p>\n<p>Fotos: Jamile Amine e Leonardo Rattes \/ Sa\u00fade GovBA<\/p>\n","protected":false},"excerpt":{"rendered":"<p>O Governo da Bahia inicia neste domingo (8), Dia Internacional da Mulher, a programa\u00e7\u00e3o do Mar\u00e7o de Todas as Mulheres, com a oferta de mais de 41 mil atendimentos voltados ao p\u00fablico feminino at\u00e9 o fim do m\u00eas. A abertura ser\u00e1 em Salvador, no novo Centro Social Urbano (CSU) de Val\u00e9ria, com atendimento por demanda [&hellip;]<\/p>\n","protected":false},"author":2,"featured_media":185495,"comment_status":"open","ping_status":"open","sticky":false,"template":"","format":"standard","meta":{"_links_to":"","_links_to_target":""},"categories":[1],"tags":[19800,16],"_links":{"self":[{"href":"https:\/\/www.blogdothame.blog.br\/v1\/wp-json\/wp\/v2\/posts\/185494"}],"collection":[{"href":"https:\/\/www.blogdothame.blog.br\/v1\/wp-json\/wp\/v2\/posts"}],"about":[{"href":"https:\/\/www.blogdothame.blog.br\/v1\/wp-json\/wp\/v2\/types\/post"}],"author":[{"embeddable":true,"href":"https:\/\/www.blogdothame.blog.br\/v1\/wp-json\/wp\/v2\/users\/2"}],"replies":[{"embeddable":true,"href":"https:\/\/www.blogdothame.blog.br\/v1\/wp-json\/wp\/v2\/comments?post=185494"}],"version-history":[{"count":1,"href":"https:\/\/www.blogdothame.blog.br\/v1\/wp-json\/wp\/v2\/posts\/185494\/revisions"}],"predecessor-version":[{"id":185498,"href":"https:\/\/www.blogdothame.blog.br\/v1\/wp-json\/wp\/v2\/posts\/185494\/revisions\/185498"}],"wp:featuredmedia":[{"embeddable":true,"href":"https:\/\/www.blogdothame.blog.br\/v1\/wp-json\/wp\/v2\/media\/185495"}],"wp:attachment":[{"href":"https:\/\/www.blogdothame.blog.br\/v1\/wp-json\/wp\/v2\/media?parent=185494"}],"wp:term":[{"taxonomy":"category","embeddable":true,"href":"https:\/\/www.blogdothame.blog.br\/v1\/wp-json\/wp\/v2\/categories?post=185494"},{"taxonomy":"post_tag","embeddable":true,"href":"https:\/\/www.blogdothame.blog.br\/v1\/wp-json\/wp\/v2\/tags?post=185494"}],"curies":[{"name":"wp","href":"https:\/\/api.w.org\/{rel}","templated":true}]}}