{"id":185459,"date":"2026-03-06T17:30:25","date_gmt":"2026-03-06T20:30:25","guid":{"rendered":"https:\/\/www.blogdothame.blog.br\/v1\/?p=185459"},"modified":"2026-03-06T16:07:06","modified_gmt":"2026-03-06T19:07:06","slug":"primeira-coronel-da-pmba-atuou-durante-26-anos-cuidando-do-sorriso-de-criancas-e-adolescentes","status":"publish","type":"post","link":"https:\/\/www.blogdothame.blog.br\/v1\/2026\/03\/06\/primeira-coronel-da-pmba-atuou-durante-26-anos-cuidando-do-sorriso-de-criancas-e-adolescentes\/","title":{"rendered":"Primeira coronel da PMBA atuou durante 26 anos cuidando do sorriso de crian\u00e7as e adolescentes"},"content":{"rendered":"<p style=\"text-align: center;\"><strong>No m\u00eas em que \u00e9 celebrado o Dia Internacional da Mulher, a Secretaria da Seguran\u00e7a <\/strong><\/p>\n<p style=\"text-align: center;\"><strong>P\u00fablica\u00a0 destaca a atua\u00e7\u00e3o de servidoras nas For\u00e7as Estaduais de prote\u00e7\u00e3o ao cidad\u00e3o<\/strong><\/p>\n<p><img loading=\"lazy\" class=\"aligncenter wp-image-185460\" src=\"https:\/\/www.blogdothame.blog.br\/v1\/wp-content\/uploads\/2026\/03\/rafael-2-300x225.jpeg\" alt=\"\" width=\"312\" height=\"234\" srcset=\"https:\/\/www.blogdothame.blog.br\/v1\/wp-content\/uploads\/2026\/03\/rafael-2-300x225.jpeg 300w, https:\/\/www.blogdothame.blog.br\/v1\/wp-content\/uploads\/2026\/03\/rafael-2.jpeg 600w\" sizes=\"(max-width: 312px) 100vw, 312px\" \/><\/p>\n<p>O amor e cuidado com o sorriso de crian\u00e7as e adolescentes sempre esteve presente na trajet\u00f3ria de Ivana Teixeira Andrade (foto),\u00a0 primeira mulher coronel da Pol\u00edcia Militar da Bahia. No m\u00eas em que \u00e9 celebrado o Dia Internacional da Mulher, a Secretaria da Seguran\u00e7a P\u00fablica (SSP-BA) destaca a atua\u00e7\u00e3o de servidoras nas quatro For\u00e7as Estaduais de prote\u00e7\u00e3o ao cidad\u00e3o.<\/p>\n<p>Graduada em odontologia pela Universidade Federal da Bahia (UFBA), a coronel construiu uma carreira marcada pelo compromisso com a sa\u00fade bucal e pelo olhar sens\u00edvel \u00e0s necessidades de crian\u00e7as e adolescentes atendidos na Odontocl\u00ednica da PM, localizada na Vila Policial Militar do Bonfim (VPMB).<\/p>\n<p>\u201cForam 26 anos de atua\u00e7\u00e3o, trazendo acolhimento e contribuindo para a sa\u00fade das crian\u00e7as, e cada dia \u00e9 um dia. Foi um per\u00edodo muito importante da minha forma\u00e7\u00e3o, n\u00e3o s\u00f3 como dentista, mas como policial, pois receber o amor de cada crian\u00e7a marca muito a gente\u201d, destacou.<\/p>\n<p><!--more--><\/p>\n<p>Ascendente da turma de 1994 do Quadro de Oficiais de Sa\u00fade (QOS), a oficial ainda explica sobre os desafios de lidar com crian\u00e7as de todas as idades. \u201cEu atendia, inclusive, beb\u00eas. \u00c9 um trabalho muito delicado, pois \u00e9 necess\u00e1rio fazer um controle maior de comportamento, uma adequa\u00e7\u00e3o necess\u00e1ria de postura e aten\u00e7\u00e3o para prestar o melhor atendimento\u201d, disse.<\/p>\n<p>Carreira e vida pessoal<\/p>\n<p>Para Ivana, a ascens\u00e3o ao posto de coronel simboliza n\u00e3o apenas uma conquista pessoal, mas um marco na hist\u00f3ria da corpora\u00e7\u00e3o, refor\u00e7ando o protagonismo feminino em espa\u00e7os tradicionalmente ocupados por homens.<\/p>\n<p>\u201cRepresentar as mulheres na mais alta patente da PM \u00e9 motivo de honra, mas acima de tudo, compromisso. Entendo que cada passo dado abre caminhos para que outras mulheres tamb\u00e9m ocupem espa\u00e7os de lideran\u00e7a\u201d, contou.<\/p>\n<p>Por detr\u00e1s da farda, a coordenadora do Departamento de Sa\u00fade (DS) \u00e9 filha, m\u00e3e de um rapaz e casada.<\/p>\n","protected":false},"excerpt":{"rendered":"<p>No m\u00eas em que \u00e9 celebrado o Dia Internacional da Mulher, a Secretaria da Seguran\u00e7a P\u00fablica\u00a0 destaca a atua\u00e7\u00e3o de servidoras nas For\u00e7as Estaduais de prote\u00e7\u00e3o ao cidad\u00e3o O amor e cuidado com o sorriso de crian\u00e7as e adolescentes sempre esteve presente na trajet\u00f3ria de Ivana Teixeira Andrade (foto),\u00a0 primeira mulher coronel da Pol\u00edcia Militar [&hellip;]<\/p>\n","protected":false},"author":2,"featured_media":185460,"comment_status":"open","ping_status":"open","sticky":false,"template":"","format":"standard","meta":{"_links_to":"","_links_to_target":""},"categories":[33434],"tags":[2173,16,41803,777],"_links":{"self":[{"href":"https:\/\/www.blogdothame.blog.br\/v1\/wp-json\/wp\/v2\/posts\/185459"}],"collection":[{"href":"https:\/\/www.blogdothame.blog.br\/v1\/wp-json\/wp\/v2\/posts"}],"about":[{"href":"https:\/\/www.blogdothame.blog.br\/v1\/wp-json\/wp\/v2\/types\/post"}],"author":[{"embeddable":true,"href":"https:\/\/www.blogdothame.blog.br\/v1\/wp-json\/wp\/v2\/users\/2"}],"replies":[{"embeddable":true,"href":"https:\/\/www.blogdothame.blog.br\/v1\/wp-json\/wp\/v2\/comments?post=185459"}],"version-history":[{"count":1,"href":"https:\/\/www.blogdothame.blog.br\/v1\/wp-json\/wp\/v2\/posts\/185459\/revisions"}],"predecessor-version":[{"id":185461,"href":"https:\/\/www.blogdothame.blog.br\/v1\/wp-json\/wp\/v2\/posts\/185459\/revisions\/185461"}],"wp:featuredmedia":[{"embeddable":true,"href":"https:\/\/www.blogdothame.blog.br\/v1\/wp-json\/wp\/v2\/media\/185460"}],"wp:attachment":[{"href":"https:\/\/www.blogdothame.blog.br\/v1\/wp-json\/wp\/v2\/media?parent=185459"}],"wp:term":[{"taxonomy":"category","embeddable":true,"href":"https:\/\/www.blogdothame.blog.br\/v1\/wp-json\/wp\/v2\/categories?post=185459"},{"taxonomy":"post_tag","embeddable":true,"href":"https:\/\/www.blogdothame.blog.br\/v1\/wp-json\/wp\/v2\/tags?post=185459"}],"curies":[{"name":"wp","href":"https:\/\/api.w.org\/{rel}","templated":true}]}}