{"id":185421,"date":"2026-03-06T20:30:46","date_gmt":"2026-03-06T23:30:46","guid":{"rendered":"https:\/\/www.blogdothame.blog.br\/v1\/?p=185421"},"modified":"2026-03-06T14:37:07","modified_gmt":"2026-03-06T17:37:07","slug":"exposicao-virtual-celebra-olhar-infantil-sobre-o-espetaculo-a-aventura-de-maria-e-murici","status":"publish","type":"post","link":"https:\/\/www.blogdothame.blog.br\/v1\/2026\/03\/06\/exposicao-virtual-celebra-olhar-infantil-sobre-o-espetaculo-a-aventura-de-maria-e-murici\/","title":{"rendered":"Exposi\u00e7\u00e3o virtual celebra olhar infantil sobre o espet\u00e1culo A Aventura de Mari\u00e1 e Murici"},"content":{"rendered":"<p><img loading=\"lazy\" class=\"aligncenter wp-image-185423\" src=\"https:\/\/www.blogdothame.blog.br\/v1\/wp-content\/uploads\/2026\/03\/PHOTO-2026-03-05-07-40-36.jpg\" alt=\"\" width=\"396\" height=\"223\" srcset=\"https:\/\/www.blogdothame.blog.br\/v1\/wp-content\/uploads\/2026\/03\/PHOTO-2026-03-05-07-40-36.jpg 600w, https:\/\/www.blogdothame.blog.br\/v1\/wp-content\/uploads\/2026\/03\/PHOTO-2026-03-05-07-40-36-300x169.jpg 300w\" sizes=\"(max-width: 396px) 100vw, 396px\" \/><br \/>\nJ\u00e1 est\u00e1 dispon\u00edvel no site do Teatro Popular de Ilh\u00e9us a exposi\u00e7\u00e3o virtual que apresenta aproximadamente 80 desenhos de crian\u00e7as de 2 a 6 anos, de 10 creches de Ilh\u00e9us e Itabuna, inspirados no espet\u00e1culo infantil A Aventura de Mari\u00e1 e Murici.<\/p>\n<p>A a\u00e7\u00e3o integra o projeto A Aventura de Mari\u00e1 e Murici Circula\u00e7\u00e3o Primeira Inf\u00e2ncia, que levou, entre os dias 22 de setembro e 10 de outubro, 40 apresenta\u00e7\u00f5es a unidades de educa\u00e7\u00e3o infantil das redes municipais dos dois munic\u00edpios.<\/p>\n<p>Mais de 1.500 crian\u00e7as acompanharam o projeto, contemplado nos Editais da Pol\u00edtica Nacional Aldir Blanc Bahia (PNAB), com apoio financeiro do Governo do Estado da Bahia, por meio da Secretaria de Cultura do Estado, via PNAB, direcionada pelo Minist\u00e9rio da Cultura \u2013 Governo Federal.<br \/>\n<!--more--><br \/>\nAp\u00f3s cada apresenta\u00e7\u00e3o, os pequenos participaram de atividades de desenho<br \/>\ne pintura, registrando, com cores, formas livres e muita imagina\u00e7\u00e3o, as emo\u00e7\u00f5es e aventuras vividas pela menina Mari\u00e1 e seu amigo Murici, um can\u00e1rio-da-terra amarelinho (agora reunidas na mostra virtual).<\/p>\n<p>Voltado para crian\u00e7as de at\u00e9 6 anos de idade, o espet\u00e1culo A Aventura e Mari\u00e1 e Mureci mistura teatro, m\u00fasica, narra\u00e7\u00e3o e manipula\u00e7\u00e3o de bonecos e objetos, convidando o p\u00fablico infantil \u00e0 mergulhar em uma jornada de descobertas, amizade e harmonia com a natureza.<\/p>\n<p>A exposi\u00e7\u00e3o \u00e9 um convite para que o p\u00fablico mergulhe no olhar da inf\u00e2ncia, que reinventa hist\u00f3rias com liberdade, sensibilidade e encantamento. Para visitar e deixar-se conduzir pela imagina\u00e7\u00e3o da crian\u00e7ada, basta acessar o site do Teatro Popular de Ilh\u00e9us:<\/p>\n<p><a href=\"https:\/\/www.teatropopulardeilheus.com.br\/\" target=\"_blank\" rel=\"noopener noreferrer\" data-saferedirecturl=\"https:\/\/www.google.com\/url?q=https:\/\/www.teatropopulardeilheus.com.br\/&amp;source=gmail&amp;ust=1772819606986000&amp;usg=AOvVaw1AIvFIYXDBJ6fYG4ovNfk5\">https:\/\/www.teatropopulardeilh<wbr \/>eus.com.br\/<\/a><\/p>\n","protected":false},"excerpt":{"rendered":"<p>J\u00e1 est\u00e1 dispon\u00edvel no site do Teatro Popular de Ilh\u00e9us a exposi\u00e7\u00e3o virtual que apresenta aproximadamente 80 desenhos de crian\u00e7as de 2 a 6 anos, de 10 creches de Ilh\u00e9us e Itabuna, inspirados no espet\u00e1culo infantil A Aventura de Mari\u00e1 e Murici. A a\u00e7\u00e3o integra o projeto A Aventura de Mari\u00e1 e Murici Circula\u00e7\u00e3o Primeira [&hellip;]<\/p>\n","protected":false},"author":2,"featured_media":185424,"comment_status":"open","ping_status":"open","sticky":false,"template":"","format":"standard","meta":{"_links_to":"","_links_to_target":""},"categories":[1],"tags":[41790],"_links":{"self":[{"href":"https:\/\/www.blogdothame.blog.br\/v1\/wp-json\/wp\/v2\/posts\/185421"}],"collection":[{"href":"https:\/\/www.blogdothame.blog.br\/v1\/wp-json\/wp\/v2\/posts"}],"about":[{"href":"https:\/\/www.blogdothame.blog.br\/v1\/wp-json\/wp\/v2\/types\/post"}],"author":[{"embeddable":true,"href":"https:\/\/www.blogdothame.blog.br\/v1\/wp-json\/wp\/v2\/users\/2"}],"replies":[{"embeddable":true,"href":"https:\/\/www.blogdothame.blog.br\/v1\/wp-json\/wp\/v2\/comments?post=185421"}],"version-history":[{"count":2,"href":"https:\/\/www.blogdothame.blog.br\/v1\/wp-json\/wp\/v2\/posts\/185421\/revisions"}],"predecessor-version":[{"id":185425,"href":"https:\/\/www.blogdothame.blog.br\/v1\/wp-json\/wp\/v2\/posts\/185421\/revisions\/185425"}],"wp:featuredmedia":[{"embeddable":true,"href":"https:\/\/www.blogdothame.blog.br\/v1\/wp-json\/wp\/v2\/media\/185424"}],"wp:attachment":[{"href":"https:\/\/www.blogdothame.blog.br\/v1\/wp-json\/wp\/v2\/media?parent=185421"}],"wp:term":[{"taxonomy":"category","embeddable":true,"href":"https:\/\/www.blogdothame.blog.br\/v1\/wp-json\/wp\/v2\/categories?post=185421"},{"taxonomy":"post_tag","embeddable":true,"href":"https:\/\/www.blogdothame.blog.br\/v1\/wp-json\/wp\/v2\/tags?post=185421"}],"curies":[{"name":"wp","href":"https:\/\/api.w.org\/{rel}","templated":true}]}}