{"id":185418,"date":"2026-03-05T16:27:24","date_gmt":"2026-03-05T19:27:24","guid":{"rendered":"https:\/\/www.blogdothame.blog.br\/v1\/?p=185418"},"modified":"2026-03-05T15:30:47","modified_gmt":"2026-03-05T18:30:47","slug":"sec-convoca-mais-146-candidatos-aprovados-no-processo-seletivo-simplificado-para-a-funcao-de-professor-da-educacao-basica","status":"publish","type":"post","link":"https:\/\/www.blogdothame.blog.br\/v1\/2026\/03\/05\/sec-convoca-mais-146-candidatos-aprovados-no-processo-seletivo-simplificado-para-a-funcao-de-professor-da-educacao-basica\/","title":{"rendered":"SEC convoca mais 146 candidatos aprovados no Processo Seletivo Simplificado para a fun\u00e7\u00e3o de professor da Educa\u00e7\u00e3o B\u00e1sica"},"content":{"rendered":"<p><img loading=\"lazy\" class=\"aligncenter  wp-image-185419\" src=\"https:\/\/www.blogdothame.blog.br\/v1\/wp-content\/uploads\/2026\/03\/Foto-ilustrativa-Memo-Soul-7.jpeg\" alt=\"\" width=\"377\" height=\"251\" srcset=\"https:\/\/www.blogdothame.blog.br\/v1\/wp-content\/uploads\/2026\/03\/Foto-ilustrativa-Memo-Soul-7.jpeg 409w, https:\/\/www.blogdothame.blog.br\/v1\/wp-content\/uploads\/2026\/03\/Foto-ilustrativa-Memo-Soul-7-300x200.jpeg 300w\" sizes=\"(max-width: 377px) 100vw, 377px\" \/>A Secretaria da Educa\u00e7\u00e3o do Estado da Bahia (SEC) publicou, nesta quinta-feira (5), no Di\u00e1rio Oficial do Estado, o segundo edital de convoca\u00e7\u00e3o SEC\/SUDEPE n\u00ba 13\/2025 chamando mais 146 candidatos aprovados no Processo Seletivo Simplificado para a fun\u00e7\u00e3o de professor da Educa\u00e7\u00e3o B\u00e1sica. Estes e demais profissionais que ainda ser\u00e3o convocados atuar\u00e3o nas unidades escolares da rede estadual, sob o Regime Especial de Direito Administrativo (REDA), com dura\u00e7\u00e3o de 36 meses, podendo ser prorrogado por igual per\u00edodo, com carga hor\u00e1ria de 20 horas semanais para todas as fun\u00e7\u00f5es.<\/p>\n<p>Os candidatos convocados dever\u00e3o encaminhar, a partir desta sexta-feira (6) at\u00e9 19 de mar\u00e7o, os documentos digitalizados para o correio eletr\u00f4nico\u00a0<a href=\"mailto:ingressocpm.sec@enova.educacao.ba.gov.br\" target=\"_blank\" rel=\"noopener\">ingressocpm.sec@enova.<wbr \/>educacao.ba.gov.br<\/a>, para an\u00e1lise preliminar a ser realizada pela Coordena\u00e7\u00e3o de Provimento e Movimenta\u00e7\u00e3o (CPM). Entre os documentos que dever\u00e3o ser apresentados est\u00e3o o diploma de conclus\u00e3o do curso exigido para a fun\u00e7\u00e3o, documentos pessoais (RG e CPF), comprovante de resid\u00eancia, declara\u00e7\u00e3o de n\u00e3o ac\u00famulo de cargos e certid\u00f5es negativas.<\/p>\n<p><!--more--><\/p>\n<p>Al\u00e9m do envio eletr\u00f4nico, os candidatos aprovados dever\u00e3o realizar a entrega presencial da documenta\u00e7\u00e3o, em original e fotoc\u00f3pia, para confer\u00eancia. Os aprovados no N\u00facleo Territorial de Educa\u00e7\u00e3o (NTE) 26 \u2013 Salvador dever\u00e3o comparecer \u00e0 Secretaria da Educa\u00e7\u00e3o do Estado da Bahia, localizada na Avenida Luiz Viana Filho, n\u00ba 550, 5\u00aa Avenida, Centro Administrativo da Bahia (CAB), 1\u00ba andar, sala 117, no hor\u00e1rio das 8h30 \u00e0s 11h e das 14h \u00e0s 17h. J\u00e1 os candidatos aprovados para atuar no interior do Estado \u00a0comparecer \u00e0s sedes dos N\u00facleos Territoriais de Educa\u00e7\u00e3o (NTEs) correspondentes, respeitando os hor\u00e1rios estabelecidos para atendimento em cada unidade.<\/p>\n<p>Conforme o edital, o n\u00e3o atendimento \u00e0 convoca\u00e7\u00e3o, seja por aus\u00eancia, envio incompleto da documenta\u00e7\u00e3o ou fora do prazo estipulado, implicar\u00e1 na perda do direito ao ingresso na fun\u00e7\u00e3o tempor\u00e1ria, independentemente do motivo alegado. Todas as orienta\u00e7\u00f5es detalhadas est\u00e3o dispon\u00edveis nos editais publicados no Portal da Educa\u00e7\u00e3o. Em 15 de janeiro foi realizada a publica\u00e7\u00e3o do primeiro edital de convoca\u00e7\u00f5es, contemplando 897 candidatos, dos quais 741 apresentaram a documenta\u00e7\u00e3o necess\u00e1ria e se encontram em fase de ingresso. Outros 156 n\u00e3o compareceram.<\/p>\n<p>De acordo com a SEC, a demanda decorre da necessidade de recomposi\u00e7\u00e3o do quadro de professores como medida necess\u00e1ria para garantir a manuten\u00e7\u00e3o das atividades escolares, evitar preju\u00edzos ao calend\u00e1rio letivo e assegurar a continuidade da oferta educacional em todas as unidades da rede estadual. A demanda de contrata\u00e7\u00e3o e substitui\u00e7\u00e3o de professores poder\u00e1 resultar em novas convoca\u00e7\u00f5es.<\/p>\n<p>Foto ilustrativa: Memo Soul<\/p>\n<p>&nbsp;<\/p>\n","protected":false},"excerpt":{"rendered":"<p>A Secretaria da Educa\u00e7\u00e3o do Estado da Bahia (SEC) publicou, nesta quinta-feira (5), no Di\u00e1rio Oficial do Estado, o segundo edital de convoca\u00e7\u00e3o SEC\/SUDEPE n\u00ba 13\/2025 chamando mais 146 candidatos aprovados no Processo Seletivo Simplificado para a fun\u00e7\u00e3o de professor da Educa\u00e7\u00e3o B\u00e1sica. Estes e demais profissionais que ainda ser\u00e3o convocados atuar\u00e3o nas unidades escolares [&hellip;]<\/p>\n","protected":false},"author":2,"featured_media":185419,"comment_status":"open","ping_status":"open","sticky":false,"template":"","format":"standard","meta":{"_links_to":"","_links_to_target":""},"categories":[33434],"tags":[51,13066,9036],"_links":{"self":[{"href":"https:\/\/www.blogdothame.blog.br\/v1\/wp-json\/wp\/v2\/posts\/185418"}],"collection":[{"href":"https:\/\/www.blogdothame.blog.br\/v1\/wp-json\/wp\/v2\/posts"}],"about":[{"href":"https:\/\/www.blogdothame.blog.br\/v1\/wp-json\/wp\/v2\/types\/post"}],"author":[{"embeddable":true,"href":"https:\/\/www.blogdothame.blog.br\/v1\/wp-json\/wp\/v2\/users\/2"}],"replies":[{"embeddable":true,"href":"https:\/\/www.blogdothame.blog.br\/v1\/wp-json\/wp\/v2\/comments?post=185418"}],"version-history":[{"count":1,"href":"https:\/\/www.blogdothame.blog.br\/v1\/wp-json\/wp\/v2\/posts\/185418\/revisions"}],"predecessor-version":[{"id":185420,"href":"https:\/\/www.blogdothame.blog.br\/v1\/wp-json\/wp\/v2\/posts\/185418\/revisions\/185420"}],"wp:featuredmedia":[{"embeddable":true,"href":"https:\/\/www.blogdothame.blog.br\/v1\/wp-json\/wp\/v2\/media\/185419"}],"wp:attachment":[{"href":"https:\/\/www.blogdothame.blog.br\/v1\/wp-json\/wp\/v2\/media?parent=185418"}],"wp:term":[{"taxonomy":"category","embeddable":true,"href":"https:\/\/www.blogdothame.blog.br\/v1\/wp-json\/wp\/v2\/categories?post=185418"},{"taxonomy":"post_tag","embeddable":true,"href":"https:\/\/www.blogdothame.blog.br\/v1\/wp-json\/wp\/v2\/tags?post=185418"}],"curies":[{"name":"wp","href":"https:\/\/api.w.org\/{rel}","templated":true}]}}