{"id":185412,"date":"2026-03-05T19:00:26","date_gmt":"2026-03-05T22:00:26","guid":{"rendered":"https:\/\/www.blogdothame.blog.br\/v1\/?p=185412"},"modified":"2026-03-05T15:15:58","modified_gmt":"2026-03-05T18:15:58","slug":"isaac-albagli-lanca-70-farois-em-palavras","status":"publish","type":"post","link":"https:\/\/www.blogdothame.blog.br\/v1\/2026\/03\/05\/isaac-albagli-lanca-70-farois-em-palavras\/","title":{"rendered":"Isaac  Albagli lan\u00e7a \u201c70 far\u00f3is em palavras\u201d"},"content":{"rendered":"<p style=\"text-align: center;\"><strong>Obra que re\u00fane artigos publicados nos principais ve\u00edculos de comunica\u00e7\u00e3o da Bahia<\/strong><\/p>\n<p><img loading=\"lazy\" class=\"alignright  wp-image-185413\" src=\"https:\/\/www.blogdothame.blog.br\/v1\/wp-content\/uploads\/2026\/03\/PHOTO-2026-03-05-08-49-41.jpg\" alt=\"\" width=\"258\" height=\"344\" srcset=\"https:\/\/www.blogdothame.blog.br\/v1\/wp-content\/uploads\/2026\/03\/PHOTO-2026-03-05-08-49-41.jpg 413w, https:\/\/www.blogdothame.blog.br\/v1\/wp-content\/uploads\/2026\/03\/PHOTO-2026-03-05-08-49-41-225x300.jpg 225w\" sizes=\"(max-width: 258px) 100vw, 258px\" \/><\/p>\n<p>Foi ao enviar, recentemente, para uma amiga um artigo de sua autoria, que o engenheiro Isaac Albagli recebeu uma observa\u00e7\u00e3o direta: por que n\u00e3o reunir seus artigos em um livro? A ideia germinou. Dela nasce \u201c70 far\u00f3is em palavras \u2013 Entre o passado que ilumina e o futuro que se desenha\u201d. A obra, de 218 p\u00e1ginas, re\u00fane uma colet\u00e2nea de 70 artigos publicados por Isaac ao longo das \u00faltimas d\u00e9cadas, nos principais jornais e sites da Bahia. O n\u00famero 70 tamb\u00e9m tem o significado especial: em abril, o autor completa 70 anos de \u201cuma vida repleta de paix\u00e3o e racionalidade\u201d, como define o reitor da Universidade Estadual de Santa Cruz, Alessandro Santana, que assina o pref\u00e1cio da obra.<\/p>\n<p>\u201c70 far\u00f3is em palavras\u201d ser\u00e1 lan\u00e7ado no pr\u00f3ximo dia 14, na Academia de Letras de Ilh\u00e9us, por ocasi\u00e3o da abertura anual dos trabalhos acad\u00eamicos, que acontece \u00e0s 19 horas. A ALI fica localizada na rua Ant\u00f4nio Lavigne de Lemos, Centro Hist\u00f3rico de Ilh\u00e9us. A obra leva a marca da Editora Mondrongo e ser\u00e1 a primeira produzida atrav\u00e9s do novo selo da editora: o Barca\u00e7a. \u201cTrata-se de um livro essencial para quem vive, ama e sonha Ilh\u00e9us\u201d, como define o diretor da editora, Gustavo Felic\u00edssimo.<\/p>\n<p>O livro re\u00fane textos da experi\u00eancia pol\u00edtica de Isaac mas, tamb\u00e9m, hist\u00f3ria vivenciada entre parentes e amigos mais pr\u00f3ximos. \u201cOnde nasceu Jorge Amado\u201d, relembra um debate de quando ele foi vereador e concedeu o t\u00edtulo de Cidad\u00e3o Ilheense ao escritor grapi\u00fana. E hist\u00f3rias curiosas de quando o submarino alem\u00e3o que percorreu a costa baiana durante a Segunda Guerra com o objetivo der afundar embarca\u00e7\u00f5es e isolar o Brasil das rotas mar\u00edtimas, mas que poupou uma ilheense de cora\u00e7\u00e3o. Isaac tamb\u00e9m relembra o romance de On\u00edlia e de Saint-Exup\u00e9ry, o aviador e o escritor que o mundo conheceria como o autor de \u201cO pequeno pr\u00edncipe\u201d, romance ocorrido aqui no sul da Bahia.<\/p>\n<p><!--more--><\/p>\n<p>\u201cO trabalho de fazer uma sele\u00e7\u00e3o de textos t\u00e3o instigantes foi cansativo, mas prazeroso\u201d, revela o jornalista Maur\u00edcio Maron, a quem coube coordenar o projeto editorial. A capa da obra \u00e9 assinada pelo artista pl\u00e1stico Guilherme Albagli, em parceria com a Arte Digital. A foto da apresenta\u00e7\u00e3o do autor \u00e9 de Jos\u00e9 Nazal.<\/p>\n<p>Isaac Albagli nasceu em Ilh\u00e9us no mesmo ano em que Juscelino Kubitschek assumia a Presid\u00eancia da Rep\u00fablica e inaugurava um per\u00edodo desenvolvimentista. \u201cDesde cedo JK foi uma refer\u00eancia de homem p\u00fablico para mim\u201d, afirma. \u00c9 graduado em Engenharia Agron\u00f4mica pela Universidade Federal da Bahia e p\u00f3s-graduado em gest\u00e3o p\u00fablica pela Faculdade de Ilh\u00e9us. Ocupou diversos cargos p\u00fablicos na Bahia e foi vereador, sendo considerado um dos mais atuantes da hist\u00f3ria recente de Ilh\u00e9us. Isaac \u00e9 um estudioso e tem opini\u00f5es firmes a respeito das principais lutas e reivindica\u00e7\u00f5es econ\u00f4micas e sociais do sul da Bahia.<\/p>\n","protected":false},"excerpt":{"rendered":"<p>Obra que re\u00fane artigos publicados nos principais ve\u00edculos de comunica\u00e7\u00e3o da Bahia Foi ao enviar, recentemente, para uma amiga um artigo de sua autoria, que o engenheiro Isaac Albagli recebeu uma observa\u00e7\u00e3o direta: por que n\u00e3o reunir seus artigos em um livro? A ideia germinou. Dela nasce \u201c70 far\u00f3is em palavras \u2013 Entre o passado [&hellip;]<\/p>\n","protected":false},"author":2,"featured_media":185413,"comment_status":"open","ping_status":"open","sticky":false,"template":"","format":"standard","meta":{"_links_to":"","_links_to_target":""},"categories":[33434],"tags":[1146,41788],"_links":{"self":[{"href":"https:\/\/www.blogdothame.blog.br\/v1\/wp-json\/wp\/v2\/posts\/185412"}],"collection":[{"href":"https:\/\/www.blogdothame.blog.br\/v1\/wp-json\/wp\/v2\/posts"}],"about":[{"href":"https:\/\/www.blogdothame.blog.br\/v1\/wp-json\/wp\/v2\/types\/post"}],"author":[{"embeddable":true,"href":"https:\/\/www.blogdothame.blog.br\/v1\/wp-json\/wp\/v2\/users\/2"}],"replies":[{"embeddable":true,"href":"https:\/\/www.blogdothame.blog.br\/v1\/wp-json\/wp\/v2\/comments?post=185412"}],"version-history":[{"count":1,"href":"https:\/\/www.blogdothame.blog.br\/v1\/wp-json\/wp\/v2\/posts\/185412\/revisions"}],"predecessor-version":[{"id":185414,"href":"https:\/\/www.blogdothame.blog.br\/v1\/wp-json\/wp\/v2\/posts\/185412\/revisions\/185414"}],"wp:featuredmedia":[{"embeddable":true,"href":"https:\/\/www.blogdothame.blog.br\/v1\/wp-json\/wp\/v2\/media\/185413"}],"wp:attachment":[{"href":"https:\/\/www.blogdothame.blog.br\/v1\/wp-json\/wp\/v2\/media?parent=185412"}],"wp:term":[{"taxonomy":"category","embeddable":true,"href":"https:\/\/www.blogdothame.blog.br\/v1\/wp-json\/wp\/v2\/categories?post=185412"},{"taxonomy":"post_tag","embeddable":true,"href":"https:\/\/www.blogdothame.blog.br\/v1\/wp-json\/wp\/v2\/tags?post=185412"}],"curies":[{"name":"wp","href":"https:\/\/api.w.org\/{rel}","templated":true}]}}