{"id":185404,"date":"2026-03-06T08:30:31","date_gmt":"2026-03-06T11:30:31","guid":{"rendered":"https:\/\/www.blogdothame.blog.br\/v1\/?p=185404"},"modified":"2026-03-05T15:17:05","modified_gmt":"2026-03-05T18:17:05","slug":"prefeitura-de-itabuna-e-governo-do-estado-vao-oferecer-servicos-de-emissao-de-documentos-civis-na-carreta-sac-movel","status":"publish","type":"post","link":"https:\/\/www.blogdothame.blog.br\/v1\/2026\/03\/06\/prefeitura-de-itabuna-e-governo-do-estado-vao-oferecer-servicos-de-emissao-de-documentos-civis-na-carreta-sac-movel\/","title":{"rendered":"Prefeitura de Itabuna e Governo do Estado v\u00e3o oferecer servi\u00e7os de emiss\u00e3o de documentos civis na Carreta SAC M\u00f3vel"},"content":{"rendered":"<p style=\"font-weight: 400;\"><img loading=\"lazy\" class=\"aligncenter wp-image-185405\" src=\"https:\/\/www.blogdothame.blog.br\/v1\/wp-content\/uploads\/2026\/03\/dac-movel.jpg\" alt=\"\" width=\"353\" height=\"265\" srcset=\"https:\/\/www.blogdothame.blog.br\/v1\/wp-content\/uploads\/2026\/03\/dac-movel.jpg 600w, https:\/\/www.blogdothame.blog.br\/v1\/wp-content\/uploads\/2026\/03\/dac-movel-300x225.jpg 300w\" sizes=\"(max-width: 353px) 100vw, 353px\" \/>A Prefeitura de Itabuna e Governo do Estado, atrav\u00e9s do Servi\u00e7o de Atendimento ao Cidad\u00e3o (SAC), v\u00e3o oferecer servi\u00e7os de emiss\u00e3o de documentos civis das 7h30min \u00e0s 17h, de 9 a 13 deste m\u00eas, na Carreta SAC M\u00f3vel que ficar\u00e1 instalada no estacionamento do Espa\u00e7o Cultural Josu\u00e9 Brand\u00e3o, no Concei\u00e7\u00e3o, onde funciona a C\u00e2mara Municipal de Vereadores.<\/p>\n<p style=\"font-weight: 400;\">A distribui\u00e7\u00e3o de senhas e a organiza\u00e7\u00e3o do atendimento s\u00e3o de responsabilidade da equipe do SAC.<\/p>\n<p style=\"font-weight: 400;\">Dentre os servi\u00e7os, ser\u00e3o oferecidos a emiss\u00e3o de Carteira de Identidade Nacional (CIN), sendo necess\u00e1rios: Documentos necess\u00e1rios para emiss\u00e3o da CIN: apresentar certid\u00e3o de nascimento ou casamento original ou fotoc\u00f3pia autenticada em Cart\u00f3rio, conforme o estado civil, leg\u00edvel, sem rasuras, borr\u00f5es, manchas ou emendas e do CPF.<\/p>\n<p><!--more--><\/p>\n<p style=\"font-weight: 400;\">Mais, documentos opcionais para inclus\u00e3o na CIN:<\/p>\n<p style=\"font-weight: 400;\">Nome social;<\/p>\n<p style=\"font-weight: 400;\">Carteira Nacional de Habilita\u00e7\u00e3o (CNH);<\/p>\n<p style=\"font-weight: 400;\">T\u00edtulo de Eleitor;<\/p>\n<p style=\"font-weight: 400;\">Identidade Funcional ou Carteira Profissional;<\/p>\n<p style=\"font-weight: 400;\">Certificado Militar;<\/p>\n<p style=\"font-weight: 400;\">Tipo sangu\u00edneo e Fator RH;<\/p>\n<p style=\"font-weight: 400;\">NIS\/PIS\/PASEP;<\/p>\n<p style=\"font-weight: 400;\">Disposi\u00e7\u00e3o a doar \u00f3rg\u00e3os em caso de morte;<\/p>\n<p style=\"font-weight: 400;\">Condi\u00e7\u00f5es espec\u00edficas de sa\u00fade;<\/p>\n<p style=\"font-weight: 400;\">Obs:1. Para a emiss\u00e3o da identidade de crian\u00e7as menores de 3 anos sugere-se apresentar uma foto 3&#215;4 com fundo branco.<\/p>\n<p style=\"font-weight: 400;\">Obs:2. Ser\u00e3o aceitas Certid\u00f5es (nascimento\/casamento) em formato eletr\u00f4nico. No entanto, \u00e9 necess\u00e1rio que apresente uma c\u00f3pia impressa deste documento durante o atendimento.<\/p>\n<p style=\"font-weight: 400;\">Antes do atendimento na carreta, \u00e9 pedido ao cidad\u00e3o que realize um cadastro atrav\u00e9s do portal\u00a0<a href=\"https:\/\/www.ba.gov.br\/\" data-saferedirecturl=\"https:\/\/www.google.com\/url?q=https:\/\/www.ba.gov.br\/&amp;source=gmail&amp;ust=1772796044849000&amp;usg=AOvVaw0SxgbVvRqRScqdDhtyDQLd\">https:\/\/www.ba.gov.br\/<\/a>\u00a0ou aplicativo\u00a0<a href=\"http:\/\/ba.gov.br\/\" data-saferedirecturl=\"https:\/\/www.google.com\/url?q=http:\/\/ba.gov.br&amp;source=gmail&amp;ust=1772796044849000&amp;usg=AOvVaw2GYyHzeqZRaJLhRsSDjTTS\">ba.gov.br<\/a>. Tamb\u00e9m ser\u00e3o fornecidos Antecedentes Criminais, cadastro\u00a0 ou atualiza\u00e7\u00e3o PLANSERV e Ouvidoria Geral do Estado.<\/p>\n<p style=\"font-weight: 400;\">A Secretaria de Administra\u00e7\u00e3o do Estado da Bahia (SAEB) definiu que o dia 14 ser\u00e1, exclusivamente, para atendimento da popula\u00e7\u00e3o idosa pelo SAC, que promove o Projeto 60+.<\/p>\n<p style=\"font-weight: 400;\">\n","protected":false},"excerpt":{"rendered":"<p>A Prefeitura de Itabuna e Governo do Estado, atrav\u00e9s do Servi\u00e7o de Atendimento ao Cidad\u00e3o (SAC), v\u00e3o oferecer servi\u00e7os de emiss\u00e3o de documentos civis das 7h30min \u00e0s 17h, de 9 a 13 deste m\u00eas, na Carreta SAC M\u00f3vel que ficar\u00e1 instalada no estacionamento do Espa\u00e7o Cultural Josu\u00e9 Brand\u00e3o, no Concei\u00e7\u00e3o, onde funciona a C\u00e2mara Municipal [&hellip;]<\/p>\n","protected":false},"author":2,"featured_media":185405,"comment_status":"open","ping_status":"open","sticky":false,"template":"","format":"standard","meta":{"_links_to":"","_links_to_target":""},"categories":[1],"tags":[41787,16,864],"_links":{"self":[{"href":"https:\/\/www.blogdothame.blog.br\/v1\/wp-json\/wp\/v2\/posts\/185404"}],"collection":[{"href":"https:\/\/www.blogdothame.blog.br\/v1\/wp-json\/wp\/v2\/posts"}],"about":[{"href":"https:\/\/www.blogdothame.blog.br\/v1\/wp-json\/wp\/v2\/types\/post"}],"author":[{"embeddable":true,"href":"https:\/\/www.blogdothame.blog.br\/v1\/wp-json\/wp\/v2\/users\/2"}],"replies":[{"embeddable":true,"href":"https:\/\/www.blogdothame.blog.br\/v1\/wp-json\/wp\/v2\/comments?post=185404"}],"version-history":[{"count":1,"href":"https:\/\/www.blogdothame.blog.br\/v1\/wp-json\/wp\/v2\/posts\/185404\/revisions"}],"predecessor-version":[{"id":185406,"href":"https:\/\/www.blogdothame.blog.br\/v1\/wp-json\/wp\/v2\/posts\/185404\/revisions\/185406"}],"wp:featuredmedia":[{"embeddable":true,"href":"https:\/\/www.blogdothame.blog.br\/v1\/wp-json\/wp\/v2\/media\/185405"}],"wp:attachment":[{"href":"https:\/\/www.blogdothame.blog.br\/v1\/wp-json\/wp\/v2\/media?parent=185404"}],"wp:term":[{"taxonomy":"category","embeddable":true,"href":"https:\/\/www.blogdothame.blog.br\/v1\/wp-json\/wp\/v2\/categories?post=185404"},{"taxonomy":"post_tag","embeddable":true,"href":"https:\/\/www.blogdothame.blog.br\/v1\/wp-json\/wp\/v2\/tags?post=185404"}],"curies":[{"name":"wp","href":"https:\/\/api.w.org\/{rel}","templated":true}]}}