{"id":185293,"date":"2026-03-03T09:30:14","date_gmt":"2026-03-03T12:30:14","guid":{"rendered":"https:\/\/www.blogdothame.blog.br\/v1\/?p=185293"},"modified":"2026-03-03T10:49:58","modified_gmt":"2026-03-03T13:49:58","slug":"sebrae-promove-oficina-gestao-de-pessoas-para-fortalecer-lideranca-no-setor-de-bares-e-restaurantes","status":"publish","type":"post","link":"https:\/\/www.blogdothame.blog.br\/v1\/2026\/03\/03\/sebrae-promove-oficina-gestao-de-pessoas-para-fortalecer-lideranca-no-setor-de-bares-e-restaurantes\/","title":{"rendered":"Sebrae promove Oficina Gest\u00e3o de Pessoas para fortalecer lideran\u00e7a no setor de bares e restaurantes"},"content":{"rendered":"<p><img loading=\"lazy\" class=\"alignright wp-image-185294\" src=\"https:\/\/www.blogdothame.blog.br\/v1\/wp-content\/uploads\/2026\/03\/PHOTO-2026-03-02-18-10-27.jpg\" alt=\"\" width=\"392\" height=\"237\" srcset=\"https:\/\/www.blogdothame.blog.br\/v1\/wp-content\/uploads\/2026\/03\/PHOTO-2026-03-02-18-10-27.jpg 600w, https:\/\/www.blogdothame.blog.br\/v1\/wp-content\/uploads\/2026\/03\/PHOTO-2026-03-02-18-10-27-300x182.jpg 300w\" sizes=\"(max-width: 392px) 100vw, 392px\" \/>O Sebrae em Ilh\u00e9us realiza a Oficina Gest\u00e3o de Pessoas que D\u00e1 Resultado, uma capacita\u00e7\u00e3o voltada exclusivamente para donos, gestores e l\u00edderes de bares e restaurantes que desejam aprimorar a administra\u00e7\u00e3o de equipes e alcan\u00e7ar melhores resultados no neg\u00f3cio. A capacita\u00e7\u00e3o acontecer\u00e1 nos dias 9,10 e 11 de mar\u00e7o nas cidades de Itabuna, Ilh\u00e9us e Itacar\u00e9 As vagas s\u00e3o limitadas e as inscri\u00e7\u00f5es podem ser realizadas por esse link.<\/p>\n<p>No setor de alimenta\u00e7\u00e3o fora do lar, a gest\u00e3o de pessoas \u00e9 um dos principais fatores que impactam diretamente a produtividade, a experi\u00eancia do cliente e o desempenho financeiro. Com foco pr\u00e1tico e aplicado \u00e0 realidade do segmento, a oficina foi estruturada para apoiar empres\u00e1rios na constru\u00e7\u00e3o de equipes mais engajadas, organizadas e orientadas a desempenho.<\/p>\n<p>Durante a imers\u00e3o, os participantes ter\u00e3o acesso a conte\u00fados estrat\u00e9gicos que abordam desde a redu\u00e7\u00e3o da rotatividade at\u00e9 o fortalecimento da lideran\u00e7a no dia a dia. Entre os temas trabalhados est\u00e3o o desenvolvimento de uma lideran\u00e7a pr\u00e1tica e estrat\u00e9gica, a estrutura\u00e7\u00e3o de feedbacks e metas, a implementa\u00e7\u00e3o de sistemas de reconhecimento e a organiza\u00e7\u00e3o de equipes e escalas com foco em efici\u00eancia operacional.<\/p>\n<p><!--more--><br \/>\nA proposta \u00e9 transformar a gest\u00e3o de pessoas em um diferencial competitivo, contribuindo para um ambiente de trabalho mais produtivo e alinhado aos objetivos do neg\u00f3cio. A capacita\u00e7\u00e3o integra a agenda de Gest\u00e3o de Turismo e Com\u00e9rcio do Sebrae Sul da Bahia.<\/p>\n<p>Servi\u00e7o<\/p>\n<p>O que: Oficina Gest\u00e3o de Pessoas que D\u00e1 Resultado<br \/>\nQuando:<br \/>\n09\/03 \u2013 Itabuna \u2013 Audit\u00f3rio do Sebrae \u2013 Av. Comendador Firmino Alves, Itabuna\/BA<br \/>\n10\/03 \u2013 Ilh\u00e9us \u2013 Audit\u00f3rio do Sebrae \u2013 Cidade Nova, Ilh\u00e9us\/BA<br \/>\n11\/03 \u2013 Itacar\u00e9 \u2013 Audit\u00f3rio do Hotel Ecoporan \u2013 Itacar\u00e9\/BA<br \/>\nHor\u00e1rio: 13h30 \u00e0s 17h30<br \/>\nInscri\u00e7\u00e3o:<\/p>\n","protected":false},"excerpt":{"rendered":"<p>O Sebrae em Ilh\u00e9us realiza a Oficina Gest\u00e3o de Pessoas que D\u00e1 Resultado, uma capacita\u00e7\u00e3o voltada exclusivamente para donos, gestores e l\u00edderes de bares e restaurantes que desejam aprimorar a administra\u00e7\u00e3o de equipes e alcan\u00e7ar melhores resultados no neg\u00f3cio. A capacita\u00e7\u00e3o acontecer\u00e1 nos dias 9,10 e 11 de mar\u00e7o nas cidades de Itabuna, Ilh\u00e9us e [&hellip;]<\/p>\n","protected":false},"author":2,"featured_media":185294,"comment_status":"open","ping_status":"open","sticky":false,"template":"","format":"standard","meta":{"_links_to":"","_links_to_target":""},"categories":[33434],"tags":[41769,1549],"_links":{"self":[{"href":"https:\/\/www.blogdothame.blog.br\/v1\/wp-json\/wp\/v2\/posts\/185293"}],"collection":[{"href":"https:\/\/www.blogdothame.blog.br\/v1\/wp-json\/wp\/v2\/posts"}],"about":[{"href":"https:\/\/www.blogdothame.blog.br\/v1\/wp-json\/wp\/v2\/types\/post"}],"author":[{"embeddable":true,"href":"https:\/\/www.blogdothame.blog.br\/v1\/wp-json\/wp\/v2\/users\/2"}],"replies":[{"embeddable":true,"href":"https:\/\/www.blogdothame.blog.br\/v1\/wp-json\/wp\/v2\/comments?post=185293"}],"version-history":[{"count":1,"href":"https:\/\/www.blogdothame.blog.br\/v1\/wp-json\/wp\/v2\/posts\/185293\/revisions"}],"predecessor-version":[{"id":185295,"href":"https:\/\/www.blogdothame.blog.br\/v1\/wp-json\/wp\/v2\/posts\/185293\/revisions\/185295"}],"wp:featuredmedia":[{"embeddable":true,"href":"https:\/\/www.blogdothame.blog.br\/v1\/wp-json\/wp\/v2\/media\/185294"}],"wp:attachment":[{"href":"https:\/\/www.blogdothame.blog.br\/v1\/wp-json\/wp\/v2\/media?parent=185293"}],"wp:term":[{"taxonomy":"category","embeddable":true,"href":"https:\/\/www.blogdothame.blog.br\/v1\/wp-json\/wp\/v2\/categories?post=185293"},{"taxonomy":"post_tag","embeddable":true,"href":"https:\/\/www.blogdothame.blog.br\/v1\/wp-json\/wp\/v2\/tags?post=185293"}],"curies":[{"name":"wp","href":"https:\/\/api.w.org\/{rel}","templated":true}]}}