{"id":185281,"date":"2026-03-02T16:30:56","date_gmt":"2026-03-02T19:30:56","guid":{"rendered":"https:\/\/www.blogdothame.blog.br\/v1\/?p=185281"},"modified":"2026-03-02T16:37:14","modified_gmt":"2026-03-02T19:37:14","slug":"prefeitura-de-itabuna-cria-o-programa-de-incentivo-a-educacao-infantil-maos-que-cuidam","status":"publish","type":"post","link":"https:\/\/www.blogdothame.blog.br\/v1\/2026\/03\/02\/prefeitura-de-itabuna-cria-o-programa-de-incentivo-a-educacao-infantil-maos-que-cuidam\/","title":{"rendered":"Prefeitura de Itabuna cria o Programa de Incentivo \u00e0 Educa\u00e7\u00e3o Infantil \u2013 M\u00e3os que Cuidam"},"content":{"rendered":"<p style=\"font-weight: 400;\"><img loading=\"lazy\" class=\"alignright wp-image-185282\" src=\"https:\/\/www.blogdothame.blog.br\/v1\/wp-content\/uploads\/2026\/03\/Escola-Creche-Otaciana-Pinto-que-ganhou-cores-e-novo-mobiliario-Fotos-Pedro-August-Fotos-Pedro-Augusto.jpg\" alt=\"\" width=\"354\" height=\"236\" srcset=\"https:\/\/www.blogdothame.blog.br\/v1\/wp-content\/uploads\/2026\/03\/Escola-Creche-Otaciana-Pinto-que-ganhou-cores-e-novo-mobiliario-Fotos-Pedro-August-Fotos-Pedro-Augusto.jpg 552w, https:\/\/www.blogdothame.blog.br\/v1\/wp-content\/uploads\/2026\/03\/Escola-Creche-Otaciana-Pinto-que-ganhou-cores-e-novo-mobiliario-Fotos-Pedro-August-Fotos-Pedro-Augusto-300x200.jpg 300w\" sizes=\"(max-width: 354px) 100vw, 354px\" \/>Por meio do Decreto n\u00ba 16.719, assinado pelo prefeito Augusto Casto (PSD), na sexta-feira, dia 27 de fevereiro, a Prefeitura de Itabuna, por meio da Secretaria Municipal da Educa\u00e7\u00e3o, criou o Programa de Incentivo \u00e0 Educa\u00e7\u00e3o Infantil \u2013 M\u00e3os que Cuidam destinado a fomentar a forma\u00e7\u00e3o profissional de estudantes de n\u00edvel superior, por meio de est\u00e1gio supervisionado, com vista a priorizar a atua\u00e7\u00e3o na educa\u00e7\u00e3o infantil na Rede Municipal de Ensino.<\/p>\n<p style=\"font-weight: 400;\">Os Auxiliares de Desenvolvimento Infantil atuar\u00e3o nas unidades de Educa\u00e7\u00e3o Infantil, especialmente em creches e pr\u00e9-escolas, em colabora\u00e7\u00e3o com o professor regente. A inten\u00e7\u00e3o do programa \u00e9 aprimorar a forma\u00e7\u00e3o profissional dos estudantes de n\u00edvel superior na educa\u00e7\u00e3o infantil.<\/p>\n<p style=\"font-weight: 400;\">O decreto incentiva o programa de est\u00e1gio, pois institui Bolsas nos valores de at\u00e9 R$700,00 (setecentos reais), acrescidos de aux\u00edlio-transporte, conforme legisla\u00e7\u00e3o municipal vigente.<\/p>\n<p><!--more--><\/p>\n<p style=\"font-weight: 400;\">Al\u00e9m disso, estabelece crit\u00e9rios de forma\u00e7\u00e3o, sele\u00e7\u00e3o, lota\u00e7\u00e3o e avalia\u00e7\u00e3o dos Auxiliares de Desenvolvimento Infantil, observadas as necessidades da rede e a legisla\u00e7\u00e3o vigente.<\/p>\n<p style=\"font-weight: 400;\">As unidades escolares dever\u00e3o organizar suas equipes de modo a assegurar adequada propor\u00e7\u00e3o entre n\u00famero de crian\u00e7as e profissionais, garantindo qualidade no atendimento.<\/p>\n<p style=\"font-weight: 400;\">A Secretaria Municipal da Educa\u00e7\u00e3o promover\u00e1 forma\u00e7\u00e3o continuada espec\u00edfica, inclusive em educa\u00e7\u00e3o inclusiva, aos estagi\u00e1rios integrantes do Programa, com carga hor\u00e1ria m\u00ednima de 40 horas. A forma\u00e7\u00e3o continuada ter\u00e1 car\u00e1ter complementar ao est\u00e1gio, n\u00e3o se confundindo com a jornada de trabalho.<\/p>\n<p style=\"font-weight: 400;\">A Secretaria Municipal da Educa\u00e7\u00e3o publicou ainda o Edital de Sele\u00e7\u00e3o de Estagi\u00e1rios n.\u00ba 001\/2026, ofertando 100 vagas diretas para jornada de 20 horas semanais e 70\u00a0 vagas diretas para jornada de 30\u00a0 horas semanais, iniciando as inscri\u00e7\u00f5es ao meio-da desta ter\u00e7a-feira, dia 3, atrav\u00e9s do link abaixo:<\/p>\n<p style=\"font-weight: 400;\"><a href=\"https:\/\/processoseletivoeducacao.itabuna.ba.gov.br\/\" data-saferedirecturl=\"https:\/\/www.google.com\/url?q=https:\/\/processoseletivoeducacao.itabuna.ba.gov.br\/&amp;source=gmail&amp;ust=1772564913771000&amp;usg=AOvVaw3qXKUR1sP31anshlBKbxsc\">PROCESSO SELETIVO EDUCA\u00c7\u00c3O &#8211; PREFEITURA MUNICIPAL DE ITABUNA<\/a><\/p>\n","protected":false},"excerpt":{"rendered":"<p>Por meio do Decreto n\u00ba 16.719, assinado pelo prefeito Augusto Casto (PSD), na sexta-feira, dia 27 de fevereiro, a Prefeitura de Itabuna, por meio da Secretaria Municipal da Educa\u00e7\u00e3o, criou o Programa de Incentivo \u00e0 Educa\u00e7\u00e3o Infantil \u2013 M\u00e3os que Cuidam destinado a fomentar a forma\u00e7\u00e3o profissional de estudantes de n\u00edvel superior, por meio de [&hellip;]<\/p>\n","protected":false},"author":2,"featured_media":185282,"comment_status":"open","ping_status":"open","sticky":false,"template":"","format":"standard","meta":{"_links_to":"","_links_to_target":""},"categories":[33435],"tags":[864,41768],"_links":{"self":[{"href":"https:\/\/www.blogdothame.blog.br\/v1\/wp-json\/wp\/v2\/posts\/185281"}],"collection":[{"href":"https:\/\/www.blogdothame.blog.br\/v1\/wp-json\/wp\/v2\/posts"}],"about":[{"href":"https:\/\/www.blogdothame.blog.br\/v1\/wp-json\/wp\/v2\/types\/post"}],"author":[{"embeddable":true,"href":"https:\/\/www.blogdothame.blog.br\/v1\/wp-json\/wp\/v2\/users\/2"}],"replies":[{"embeddable":true,"href":"https:\/\/www.blogdothame.blog.br\/v1\/wp-json\/wp\/v2\/comments?post=185281"}],"version-history":[{"count":1,"href":"https:\/\/www.blogdothame.blog.br\/v1\/wp-json\/wp\/v2\/posts\/185281\/revisions"}],"predecessor-version":[{"id":185283,"href":"https:\/\/www.blogdothame.blog.br\/v1\/wp-json\/wp\/v2\/posts\/185281\/revisions\/185283"}],"wp:featuredmedia":[{"embeddable":true,"href":"https:\/\/www.blogdothame.blog.br\/v1\/wp-json\/wp\/v2\/media\/185282"}],"wp:attachment":[{"href":"https:\/\/www.blogdothame.blog.br\/v1\/wp-json\/wp\/v2\/media?parent=185281"}],"wp:term":[{"taxonomy":"category","embeddable":true,"href":"https:\/\/www.blogdothame.blog.br\/v1\/wp-json\/wp\/v2\/categories?post=185281"},{"taxonomy":"post_tag","embeddable":true,"href":"https:\/\/www.blogdothame.blog.br\/v1\/wp-json\/wp\/v2\/tags?post=185281"}],"curies":[{"name":"wp","href":"https:\/\/api.w.org\/{rel}","templated":true}]}}