{"id":185272,"date":"2026-03-03T10:30:59","date_gmt":"2026-03-03T13:30:59","guid":{"rendered":"https:\/\/www.blogdothame.blog.br\/v1\/?p=185272"},"modified":"2026-03-03T09:08:08","modified_gmt":"2026-03-03T12:08:08","slug":"uesc-realiza-calourada-unificada-2026-1-com-programacao-academica-esportiva-e-cultural","status":"publish","type":"post","link":"https:\/\/www.blogdothame.blog.br\/v1\/2026\/03\/03\/uesc-realiza-calourada-unificada-2026-1-com-programacao-academica-esportiva-e-cultural\/","title":{"rendered":"Uesc realiza Calourada Unificada 2026.1 com programa\u00e7\u00e3o acad\u00eamica, esportiva e cultural"},"content":{"rendered":"<p><img loading=\"lazy\" class=\"alignleft wp-image-185273\" src=\"https:\/\/www.blogdothame.blog.br\/v1\/wp-content\/uploads\/2026\/03\/04-03-24-Calourada-Academica-Foto-Julia-Barreto-210-1.jpg\" alt=\"\" width=\"332\" height=\"221\" srcset=\"https:\/\/www.blogdothame.blog.br\/v1\/wp-content\/uploads\/2026\/03\/04-03-24-Calourada-Academica-Foto-Julia-Barreto-210-1.jpg 399w, https:\/\/www.blogdothame.blog.br\/v1\/wp-content\/uploads\/2026\/03\/04-03-24-Calourada-Academica-Foto-Julia-Barreto-210-1-300x200.jpg 300w\" sizes=\"(max-width: 332px) 100vw, 332px\" \/>A Universidade Estadual de Santa Cruz promove, de 2 a 5 de mar\u00e7o, a Calourada Unificada Acad\u00eamico-Esportiva e Art\u00edstico-Cultural 2026.1. A iniciativa \u00e9 destinada aos estudantes ingressantes dos cursos de gradua\u00e7\u00e3o e tem como finalidade fortalecer a integra\u00e7\u00e3o entre discentes, docentes e servidores, consolidando uma cultura de acolhimento institucional.<\/p>\n<p>Coordenada pela Pr\u00f3-Reitoria de Gradua\u00e7\u00e3o (Prograd), em parceria com as Pr\u00f3-Reitorias de Pesquisa e P\u00f3s-Gradua\u00e7\u00e3o (Propp), de Extens\u00e3o (Proex) e de A\u00e7\u00f5es Afirmativas e Perman\u00eancia Estudantil (Proape), al\u00e9m do Diret\u00f3rio Central dos Estudantes (DCE) e dos Colegiados de Cursos, a programa\u00e7\u00e3o busca inserir os novos estudantes no cotidiano universit\u00e1rio, apresentando estruturas, pol\u00edticas e oportunidades acad\u00eamicas.<\/p>\n<p>A Universidade reafirma que \u00e9 proibida a pr\u00e1tica de trote, conforme estabelece a Resolu\u00e7\u00e3o CONSU n\u00ba 05\/2008, refor\u00e7ando o compromisso com o respeito, a dignidade e a conviv\u00eancia \u00e9tica no ambiente acad\u00eamico.<\/p>\n<p>Aula Magna abre a programa\u00e7\u00e3o<\/p>\n<p>A abertura oficial ocorre na segunda-feira, 2 de mar\u00e7o, \u00e0s 9 horas, no Audit\u00f3rio do Centro de Arte e Cultura, com a Aula Magna ministrada pelo professor Lindomar Coutinho da Silva, docente do Departamento de Filosofia e Ci\u00eancias Humanas (DFCH). O tema \u201cA Universidade, o Conhecimento e as Pessoas: lugar, saberes e seres\u201d prop\u00f5e uma reflex\u00e3o sobre o papel da institui\u00e7\u00e3o e da forma\u00e7\u00e3o acad\u00eamica na constru\u00e7\u00e3o humana e social.<\/p>\n<p>A programa\u00e7\u00e3o contempla rodas de conversa, pain\u00e9is e visitas t\u00e9cnicas. Entre as atividades est\u00e3o: \u201cAgora sou discente da Uesc \u2013 o que preciso saber para ser um cientista na minha \u00e1rea de atua\u00e7\u00e3o? \u201d; \u201cAl\u00e9m do Diploma \u2013 Conhe\u00e7a o Ecossistema que transforma conhecimento em Neg\u00f3cios e Desenvolvimento da Regi\u00e3o\u201d; \u201cSobre Masculinidades Positivas para as Rela\u00e7\u00f5es de G\u00eanero\u201d; e \u201cPol\u00edticas de Perman\u00eancia na Uesc\u201d.<\/p>\n<p>Tamb\u00e9m integram a agenda visitas guiadas aos Laborat\u00f3rios de Ensino e \u00e0 Biblioteca, roda de conversa da Arint \u2013 Conectando Culturas, apresenta\u00e7\u00e3o do Programa P\u00e9-de-Meia Licenciaturas, Oficina de Xadrez e, no encerramento, a mesa \u201cO papel do movimento estudantil na Uesc\u201d, promovida pelo DCE, na quinta-feira (5), \u00e0s 17 horas, no Audit\u00f3rio Paulo Souto.<\/p>\n<p>A Calourada Unificada reafirma o compromisso institucional com a forma\u00e7\u00e3o acad\u00eamica qualificada, a inclus\u00e3o e a viv\u00eancia universit\u00e1ria pautada pelo respeito e pela pluralidade.<\/p>\n<p>(Foto Julia Barreto=Ascom Uesc)<\/p>\n","protected":false},"excerpt":{"rendered":"<p>A Universidade Estadual de Santa Cruz promove, de 2 a 5 de mar\u00e7o, a Calourada Unificada Acad\u00eamico-Esportiva e Art\u00edstico-Cultural 2026.1. A iniciativa \u00e9 destinada aos estudantes ingressantes dos cursos de gradua\u00e7\u00e3o e tem como finalidade fortalecer a integra\u00e7\u00e3o entre discentes, docentes e servidores, consolidando uma cultura de acolhimento institucional. Coordenada pela Pr\u00f3-Reitoria de Gradua\u00e7\u00e3o (Prograd), [&hellip;]<\/p>\n","protected":false},"author":2,"featured_media":185273,"comment_status":"open","ping_status":"open","sticky":false,"template":"","format":"standard","meta":{"_links_to":"","_links_to_target":""},"categories":[1],"tags":[41762,1296],"_links":{"self":[{"href":"https:\/\/www.blogdothame.blog.br\/v1\/wp-json\/wp\/v2\/posts\/185272"}],"collection":[{"href":"https:\/\/www.blogdothame.blog.br\/v1\/wp-json\/wp\/v2\/posts"}],"about":[{"href":"https:\/\/www.blogdothame.blog.br\/v1\/wp-json\/wp\/v2\/types\/post"}],"author":[{"embeddable":true,"href":"https:\/\/www.blogdothame.blog.br\/v1\/wp-json\/wp\/v2\/users\/2"}],"replies":[{"embeddable":true,"href":"https:\/\/www.blogdothame.blog.br\/v1\/wp-json\/wp\/v2\/comments?post=185272"}],"version-history":[{"count":1,"href":"https:\/\/www.blogdothame.blog.br\/v1\/wp-json\/wp\/v2\/posts\/185272\/revisions"}],"predecessor-version":[{"id":185274,"href":"https:\/\/www.blogdothame.blog.br\/v1\/wp-json\/wp\/v2\/posts\/185272\/revisions\/185274"}],"wp:featuredmedia":[{"embeddable":true,"href":"https:\/\/www.blogdothame.blog.br\/v1\/wp-json\/wp\/v2\/media\/185273"}],"wp:attachment":[{"href":"https:\/\/www.blogdothame.blog.br\/v1\/wp-json\/wp\/v2\/media?parent=185272"}],"wp:term":[{"taxonomy":"category","embeddable":true,"href":"https:\/\/www.blogdothame.blog.br\/v1\/wp-json\/wp\/v2\/categories?post=185272"},{"taxonomy":"post_tag","embeddable":true,"href":"https:\/\/www.blogdothame.blog.br\/v1\/wp-json\/wp\/v2\/tags?post=185272"}],"curies":[{"name":"wp","href":"https:\/\/api.w.org\/{rel}","templated":true}]}}