{"id":18516,"date":"2013-04-03T09:28:59","date_gmt":"2013-04-03T12:28:59","guid":{"rendered":"http:\/\/www.blogdothame.blog.br\/v1\/?p=18516"},"modified":"2013-04-03T09:28:59","modified_gmt":"2013-04-03T12:28:59","slug":"aprovada-a-criacao-do-sistema-nacional-de-combate-a-tortura","status":"publish","type":"post","link":"https:\/\/www.blogdothame.blog.br\/v1\/2013\/04\/03\/aprovada-a-criacao-do-sistema-nacional-de-combate-a-tortura\/","title":{"rendered":"Aprovada a cria\u00e7\u00e3o do Sistema Nacional de Combate \u00e0 Tortura"},"content":{"rendered":"<p><a href=\"http:\/\/www.blogdothame.blog.br\/v1\/wp-content\/uploads\/2013\/04\/pau-de-arara.jpg\"><img loading=\"lazy\" class=\"alignleft size-medium wp-image-18517\" title=\"pau de arara\" src=\"http:\/\/www.blogdothame.blog.br\/v1\/wp-content\/uploads\/2013\/04\/pau-de-arara-300x225.jpg\" alt=\"\" width=\"300\" height=\"225\" srcset=\"https:\/\/www.blogdothame.blog.br\/v1\/wp-content\/uploads\/2013\/04\/pau-de-arara-300x225.jpg 300w, https:\/\/www.blogdothame.blog.br\/v1\/wp-content\/uploads\/2013\/04\/pau-de-arara.jpg 800w\" sizes=\"(max-width: 300px) 100vw, 300px\" \/><\/a><\/p>\n<p>A C\u00e2mara dos Deputados aprovou na noite desta ter\u00e7a-feira (2) o projeto que institui o Sistema Nacional de Preven\u00e7\u00e3o e Combate \u00e0 Tortura, encaminhado em 2011 pela presidente Dilma Rousseff. De acordo com o texto, um grupo de 11 peritos poder\u00e1 entrar, sem aviso pr\u00e9vio, em pres\u00eddios, penitenci\u00e1rias, delegacias, casas de cust\u00f3dia, institui\u00e7\u00f5es s\u00f3cio-educativas para adolescentes em conflito com lei, hospitais psiqui\u00e1tricos e asilos, p\u00fablicos ou particulares, para verificar o tratamento \u00e0s pessoas privadas de liberdade.<\/p>\n<p>Os 11 escolhidos ser\u00e3o pessoas de not\u00f3rio conhecimento e forma\u00e7\u00e3o de n\u00edvel superior, com experi\u00eancia na \u00e1rea de preven\u00e7\u00e3o e combate a tortura, nomeados pelo presidente da Rep\u00fablica. Cada um ter\u00e1 mandado fixo de tr\u00eas anos, com remunera\u00e7\u00e3o, e a destitui\u00e7\u00e3o do cargo s\u00f3 poder\u00e1 ser feita nos casos de condena\u00e7\u00e3o penal transitada em julgado ou de processo disciplinar. O projeto, que segue agora para aprecia\u00e7\u00e3o do Senado, tamb\u00e9m cria o Comit\u00ea Nacional de Preven\u00e7\u00e3o e Combate \u00e0 Tortura, que ser\u00e1 composto por 23 membros n\u00e3o remunerados, de \u00f3rg\u00e3os do Executivo Federal e da sociedade civil. (com informa\u00e7\u00f5es de O Globo)<\/p>\n<p>&nbsp;<\/p>\n","protected":false},"excerpt":{"rendered":"<p>A C\u00e2mara dos Deputados aprovou na noite desta ter\u00e7a-feira (2) o projeto que institui o Sistema Nacional de Preven\u00e7\u00e3o e Combate \u00e0 Tortura, encaminhado em 2011 pela presidente Dilma Rousseff. De acordo com o texto, um grupo de 11 peritos poder\u00e1 entrar, sem aviso pr\u00e9vio, em pres\u00eddios, penitenci\u00e1rias, delegacias, casas de cust\u00f3dia, institui\u00e7\u00f5es s\u00f3cio-educativas para [&hellip;]<\/p>\n","protected":false},"author":2,"featured_media":0,"comment_status":"open","ping_status":"open","sticky":false,"template":"","format":"standard","meta":{"_links_to":"","_links_to_target":""},"categories":[1],"tags":[2515,361,6538],"_links":{"self":[{"href":"https:\/\/www.blogdothame.blog.br\/v1\/wp-json\/wp\/v2\/posts\/18516"}],"collection":[{"href":"https:\/\/www.blogdothame.blog.br\/v1\/wp-json\/wp\/v2\/posts"}],"about":[{"href":"https:\/\/www.blogdothame.blog.br\/v1\/wp-json\/wp\/v2\/types\/post"}],"author":[{"embeddable":true,"href":"https:\/\/www.blogdothame.blog.br\/v1\/wp-json\/wp\/v2\/users\/2"}],"replies":[{"embeddable":true,"href":"https:\/\/www.blogdothame.blog.br\/v1\/wp-json\/wp\/v2\/comments?post=18516"}],"version-history":[{"count":1,"href":"https:\/\/www.blogdothame.blog.br\/v1\/wp-json\/wp\/v2\/posts\/18516\/revisions"}],"predecessor-version":[{"id":18518,"href":"https:\/\/www.blogdothame.blog.br\/v1\/wp-json\/wp\/v2\/posts\/18516\/revisions\/18518"}],"wp:attachment":[{"href":"https:\/\/www.blogdothame.blog.br\/v1\/wp-json\/wp\/v2\/media?parent=18516"}],"wp:term":[{"taxonomy":"category","embeddable":true,"href":"https:\/\/www.blogdothame.blog.br\/v1\/wp-json\/wp\/v2\/categories?post=18516"},{"taxonomy":"post_tag","embeddable":true,"href":"https:\/\/www.blogdothame.blog.br\/v1\/wp-json\/wp\/v2\/tags?post=18516"}],"curies":[{"name":"wp","href":"https:\/\/api.w.org\/{rel}","templated":true}]}}