{"id":185064,"date":"2026-02-25T08:58:43","date_gmt":"2026-02-25T11:58:43","guid":{"rendered":"https:\/\/www.blogdothame.blog.br\/v1\/?p=185064"},"modified":"2026-02-25T14:52:42","modified_gmt":"2026-02-25T17:52:42","slug":"augusto-castro-assina-ordem-de-servico-para-as-obras-e-servicos-do-parque-linear-da-avenida-amelia-amado","status":"publish","type":"post","link":"https:\/\/www.blogdothame.blog.br\/v1\/2026\/02\/25\/augusto-castro-assina-ordem-de-servico-para-as-obras-e-servicos-do-parque-linear-da-avenida-amelia-amado\/","title":{"rendered":"Augusto Castro assina ordem de servi\u00e7o para as obras e servi\u00e7os do Parque Linear da Avenida Am\u00e9lia Amado"},"content":{"rendered":"<p><img loading=\"lazy\" class=\"aligncenter wp-image-185065\" src=\"https:\/\/www.blogdothame.blog.br\/v1\/wp-content\/uploads\/2026\/02\/Avenida-Amelia-Amado-\u2013-Fotos-Guthierry-Andrade-\u2013-Secom-\u2013-Prefeitura-Itabuna.jpeg\" alt=\"\" width=\"456\" height=\"257\" srcset=\"https:\/\/www.blogdothame.blog.br\/v1\/wp-content\/uploads\/2026\/02\/Avenida-Amelia-Amado-\u2013-Fotos-Guthierry-Andrade-\u2013-Secom-\u2013-Prefeitura-Itabuna.jpeg 600w, https:\/\/www.blogdothame.blog.br\/v1\/wp-content\/uploads\/2026\/02\/Avenida-Amelia-Amado-\u2013-Fotos-Guthierry-Andrade-\u2013-Secom-\u2013-Prefeitura-Itabuna-300x169.jpeg 300w\" sizes=\"(max-width: 456px) 100vw, 456px\" \/>O prefeito de Itabuna, Augusto Castro (PSD), assina a ordem de servi\u00e7o para as obras e servi\u00e7os do Parque Linear da Avenida Am\u00e9lia Amado em solenidade nesta quarta-feira, dia 25, \u00e0s 17 horas, nas proximidades do Centro de Aten\u00e7\u00e3o \u00e0 Mulher (CAM Itabuna).\u00a0 Os estudos e projetos b\u00e1sicos da obra foram executados pela RK Engenharia e Consultoria Ltda. com assist\u00eancia t\u00e9cnica dos engenheiros do munic\u00edpio.<\/p>\n<p>A \u00e1rea de interven\u00e7\u00e3o j\u00e1 passou por uma grande transforma\u00e7\u00e3o com o tamponamento do c\u00f3rrego Lava-P\u00e9s, ficando alguns trechos, no in\u00edcio e no final da avenida, descobertos. O parque projetado est\u00e1 localizado em uma \u00e1rea central da cidade, p\u00f3lo de com\u00e9rcio e servi\u00e7o, contendo algumas resid\u00eancias.<\/p>\n<p>&nbsp;<\/p>\n<p>O equipamento ser\u00e1 inserido no canteiro central da avenida, sobre o rio tamponado em um espa\u00e7o de aproximadamente 1,5 km de extens\u00e3o, contendo estacionamentos e elementos de urbaniza\u00e7\u00e3o com pequenas \u00e1reas de lazer e esportes, espa\u00e7os para contempla\u00e7\u00e3o, ciclovia e paraciclo em todo o trecho, favorecendo o modal alternativo. Al\u00e9m disso, ter\u00e1 cal\u00e7adas acess\u00edveis, meio-fio e rota acess\u00edvel beneficiando mais de 35 mil habitantes diretamente em \u00e1reas adjacentes.<\/p>\n<p><!--more--><\/p>\n<p>O projeto visa organizar espa\u00e7os p\u00fablicos, arborizados e cal\u00e7ados, mediante aprofundamento particular dos aspectos fisiogr\u00e1ficos, bi\u00f3ticos e antr\u00f3picos da \u00e1rea onde ser\u00e1 realizado o Parque Linear. Nesse sentido, a elabora\u00e7\u00e3o do Projeto de Urbanismo e Paisagismo faz com que a popula\u00e7\u00e3o resgate a import\u00e2ncia da \u00e1rea de interven\u00e7\u00e3o, principalmente por situa-se numa \u00e1rea de \u00c1rea de Prote\u00e7\u00e3o Permanente (APP) bastante antropizada com ocupa\u00e7\u00e3o das margens de rio e tamponamento.<\/p>\n<p>A \u00e1rea tem grande circula\u00e7\u00e3o de pessoas e ve\u00edculos, entre outros, por\u00e9m sem infraestrutura necess\u00e1ria e adequada para atender a popula\u00e7\u00e3o. Diante disso, faz-se necess\u00e1rio a inser\u00e7\u00e3o de equipamentos de infraestrutura, mobili\u00e1rios urbanos (bancos, mesas e \u00a0pergolados), equipamentos poliesportivos na \u00e1rea, dispositivos de gin\u00e1sticas, Espa\u00e7o Pet e \u00e1rea para instala\u00e7\u00e3o de quiosque, al\u00e9m da urg\u00eancia de se construir uma pista exclusiva para ciclovia, cal\u00e7adas acess\u00edveis e \u00e1reas de conviv\u00eancia e bem-estar.<\/p>\n<p>Dentro das metas estabelecidas pela Secretaria de Infraestrutura e Urbanismo (SIURB), o projeto objetiva a realiza\u00e7\u00e3o de interven\u00e7\u00f5es que melhorem a mobilidade urbana com \u00eanfase na qualidade de vida dos cidad\u00e3os, turistas e pessoas com defici\u00eancia (PCD). O projeto visa realizar a melhoria na pavimenta\u00e7\u00e3o, ilumina\u00e7\u00e3o p\u00fablica e paisagem, promovendo um impacto visual sobre a cidade e transformando a sua imagem atual, atraindo novos investimentos e proporcionando a cria\u00e7\u00e3o de novos empregos e novos espa\u00e7os de encontros e lazer.<\/p>\n","protected":false},"excerpt":{"rendered":"<p>O prefeito de Itabuna, Augusto Castro (PSD), assina a ordem de servi\u00e7o para as obras e servi\u00e7os do Parque Linear da Avenida Am\u00e9lia Amado em solenidade nesta quarta-feira, dia 25, \u00e0s 17 horas, nas proximidades do Centro de Aten\u00e7\u00e3o \u00e0 Mulher (CAM Itabuna).\u00a0 Os estudos e projetos b\u00e1sicos da obra foram executados pela RK Engenharia [&hellip;]<\/p>\n","protected":false},"author":2,"featured_media":185065,"comment_status":"open","ping_status":"open","sticky":false,"template":"","format":"standard","meta":{"_links_to":"","_links_to_target":""},"categories":[33435],"tags":[188,41724],"_links":{"self":[{"href":"https:\/\/www.blogdothame.blog.br\/v1\/wp-json\/wp\/v2\/posts\/185064"}],"collection":[{"href":"https:\/\/www.blogdothame.blog.br\/v1\/wp-json\/wp\/v2\/posts"}],"about":[{"href":"https:\/\/www.blogdothame.blog.br\/v1\/wp-json\/wp\/v2\/types\/post"}],"author":[{"embeddable":true,"href":"https:\/\/www.blogdothame.blog.br\/v1\/wp-json\/wp\/v2\/users\/2"}],"replies":[{"embeddable":true,"href":"https:\/\/www.blogdothame.blog.br\/v1\/wp-json\/wp\/v2\/comments?post=185064"}],"version-history":[{"count":1,"href":"https:\/\/www.blogdothame.blog.br\/v1\/wp-json\/wp\/v2\/posts\/185064\/revisions"}],"predecessor-version":[{"id":185066,"href":"https:\/\/www.blogdothame.blog.br\/v1\/wp-json\/wp\/v2\/posts\/185064\/revisions\/185066"}],"wp:featuredmedia":[{"embeddable":true,"href":"https:\/\/www.blogdothame.blog.br\/v1\/wp-json\/wp\/v2\/media\/185065"}],"wp:attachment":[{"href":"https:\/\/www.blogdothame.blog.br\/v1\/wp-json\/wp\/v2\/media?parent=185064"}],"wp:term":[{"taxonomy":"category","embeddable":true,"href":"https:\/\/www.blogdothame.blog.br\/v1\/wp-json\/wp\/v2\/categories?post=185064"},{"taxonomy":"post_tag","embeddable":true,"href":"https:\/\/www.blogdothame.blog.br\/v1\/wp-json\/wp\/v2\/tags?post=185064"}],"curies":[{"name":"wp","href":"https:\/\/api.w.org\/{rel}","templated":true}]}}