{"id":185048,"date":"2026-02-24T15:52:33","date_gmt":"2026-02-24T18:52:33","guid":{"rendered":"https:\/\/www.blogdothame.blog.br\/v1\/?p=185048"},"modified":"2026-02-24T15:52:42","modified_gmt":"2026-02-24T18:52:42","slug":"hospital-regional-costa-do-cacau-celebra-formatura-da-quarta-turma-do-programa-de-residencia-medica","status":"publish","type":"post","link":"https:\/\/www.blogdothame.blog.br\/v1\/2026\/02\/24\/hospital-regional-costa-do-cacau-celebra-formatura-da-quarta-turma-do-programa-de-residencia-medica\/","title":{"rendered":"Hospital Regional Costa do Cacau celebra formatura da quarta turma do Programa de Resid\u00eancia M\u00e9dica"},"content":{"rendered":"<p><img loading=\"lazy\" class=\"aligncenter wp-image-185050\" src=\"https:\/\/www.blogdothame.blog.br\/v1\/wp-content\/uploads\/2026\/02\/PHOTO-2026-02-24-15-46-41-4.jpg\" alt=\"\" width=\"437\" height=\"314\" srcset=\"https:\/\/www.blogdothame.blog.br\/v1\/wp-content\/uploads\/2026\/02\/PHOTO-2026-02-24-15-46-41-4.jpg 475w, https:\/\/www.blogdothame.blog.br\/v1\/wp-content\/uploads\/2026\/02\/PHOTO-2026-02-24-15-46-41-4-300x215.jpg 300w\" sizes=\"(max-width: 437px) 100vw, 437px\" \/>O Hospital Regional Costa do Cacau (HRCC), unidade integrante da rede da Secretaria da Sa\u00fade do Estado da Bahia (Sesab), sob gest\u00e3o da Funda\u00e7\u00e3o Fabamed, em Ilh\u00e9us, consolidou, na \u00faltima sexta-feira (20), seu papel como polo de forma\u00e7\u00e3o de especialistas no sul da Bahia. Em cerim\u00f4nia promovida pela Comiss\u00e3o de Resid\u00eancia M\u00e9dica (Coreme), a institui\u00e7\u00e3o celebrou a formatura de sua quarta turma consecutiva de m\u00e9dicos residentes, reafirmando o compromisso com a excel\u00eancia acad\u00eamica e a assist\u00eancia \u00e0 sa\u00fade p\u00fablica.<\/p>\n<p><img loading=\"lazy\" class=\"alignright wp-image-185051\" src=\"https:\/\/www.blogdothame.blog.br\/v1\/wp-content\/uploads\/2026\/02\/PHOTO-2026-02-24-15-46-41-3.jpg\" alt=\"\" width=\"324\" height=\"238\" srcset=\"https:\/\/www.blogdothame.blog.br\/v1\/wp-content\/uploads\/2026\/02\/PHOTO-2026-02-24-15-46-41-3.jpg 480w, https:\/\/www.blogdothame.blog.br\/v1\/wp-content\/uploads\/2026\/02\/PHOTO-2026-02-24-15-46-41-3-300x221.jpg 300w\" sizes=\"(max-width: 324px) 100vw, 324px\" \/>O evento, realizado no Audit\u00f3rio 102 da unidade, homenageou os novos especialistas nas \u00e1reas de Cirurgia Geral, Cl\u00ednica M\u00e9dica e Medicina Intensiva. Com a certifica\u00e7\u00e3o deste grupo, o HRCC atinge a marca de 16 especialistas formados desde o in\u00edcio do programa: oito profissionais em Cl\u00ednica M\u00e9dica, cinco em Cirurgia Geral e tr\u00eas em Medicina Intensiva. Os diplomados de 2026 foram Juliana de Sales Landim (Cirurgia Geral), Larissa Feli de Sousa Oliveira e Sara Carvalho Santana (Cl\u00ednica M\u00e9dica), al\u00e9m de David Gomes de Freitas Sales (Medicina Intensiva).<\/p>\n<p>A mesa oficial da solenidade contou com a presen\u00e7a do diretor t\u00e9cnico do HRCC, Eg\u00eddio Feitosa Alves Filho; do coordenador da Coreme e do programa de Cirurgia Geral, Emmanuel Conrado Sousa; da coordenadora do programa de Cl\u00ednica M\u00e9dica, Ros\u00e2ngela Carvalho de Melo; e de Milena Cristina Vasconcelos da Silva, representando o coordenador do programa de Medicina Intensiva, Eric Ettinger de Menezes J\u00fanior.<\/p>\n<p><!--more--><\/p>\n<p>Emmanuel Conrado Sousa destacou que a continuidade do programa \u00e9 um pilar estrat\u00e9gico para a regi\u00e3o. \u201cO quarto ano consecutivo de forma\u00e7\u00e3o demonstra o compromisso do HRCC com o fortalecimento da sa\u00fade baiana. Formamos profissionais com a excel\u00eancia de ensino necess\u00e1ria para elevar o padr\u00e3o do atendimento p\u00fablico e humanizado\u201d, pontuou.<\/p>\n<p>O diretor t\u00e9cnico do HRCC, Eg\u00eddio Feitosa Alves Filho, expressou seu orgulho ao entregar os certificados: \u201c\u00c9 uma satisfa\u00e7\u00e3o entregar este t\u00edtulo de especialista. Desejo que superem os desafios e alcancem seus objetivos cada vez mais\u201d, declarou.<\/p>\n<p>O diretor-geral do HRCC, Julio Musse, refor\u00e7ou que o programa \u00e9 uma via de m\u00e3o dupla, na qual o hospital e os alunos crescem juntos. \u201cEstes residentes contribuem imensamente para o dia a dia da assist\u00eancia em nossa unidade. Reafirmamos nosso papel de colaborar com o aprimoramento t\u00e9cnico e desejamos sucesso aos novos especialistas em suas trajet\u00f3rias\u201d, destacou.<\/p>\n<p>Saudade e reconhecimento<\/p>\n<p>Um dos momentos de maior emo\u00e7\u00e3o da cerim\u00f4nia foi a homenagem p\u00f3stuma \u00e0 residente Mar\u00edlia Mariotti de Santana, falecida em 2024. Sua trajet\u00f3ria, embora interrompida precocemente, deixou uma marca na hist\u00f3ria da institui\u00e7\u00e3o e nos cora\u00e7\u00f5es daqueles que compartilharam com ela o sonho da medicina.<\/p>\n","protected":false},"excerpt":{"rendered":"<p>O Hospital Regional Costa do Cacau (HRCC), unidade integrante da rede da Secretaria da Sa\u00fade do Estado da Bahia (Sesab), sob gest\u00e3o da Funda\u00e7\u00e3o Fabamed, em Ilh\u00e9us, consolidou, na \u00faltima sexta-feira (20), seu papel como polo de forma\u00e7\u00e3o de especialistas no sul da Bahia. Em cerim\u00f4nia promovida pela Comiss\u00e3o de Resid\u00eancia M\u00e9dica (Coreme), a institui\u00e7\u00e3o [&hellip;]<\/p>\n","protected":false},"author":2,"featured_media":185050,"comment_status":"open","ping_status":"open","sticky":false,"template":"","format":"standard","meta":{"_links_to":"","_links_to_target":""},"categories":[33434],"tags":[9774,218,33079],"_links":{"self":[{"href":"https:\/\/www.blogdothame.blog.br\/v1\/wp-json\/wp\/v2\/posts\/185048"}],"collection":[{"href":"https:\/\/www.blogdothame.blog.br\/v1\/wp-json\/wp\/v2\/posts"}],"about":[{"href":"https:\/\/www.blogdothame.blog.br\/v1\/wp-json\/wp\/v2\/types\/post"}],"author":[{"embeddable":true,"href":"https:\/\/www.blogdothame.blog.br\/v1\/wp-json\/wp\/v2\/users\/2"}],"replies":[{"embeddable":true,"href":"https:\/\/www.blogdothame.blog.br\/v1\/wp-json\/wp\/v2\/comments?post=185048"}],"version-history":[{"count":1,"href":"https:\/\/www.blogdothame.blog.br\/v1\/wp-json\/wp\/v2\/posts\/185048\/revisions"}],"predecessor-version":[{"id":185052,"href":"https:\/\/www.blogdothame.blog.br\/v1\/wp-json\/wp\/v2\/posts\/185048\/revisions\/185052"}],"wp:featuredmedia":[{"embeddable":true,"href":"https:\/\/www.blogdothame.blog.br\/v1\/wp-json\/wp\/v2\/media\/185050"}],"wp:attachment":[{"href":"https:\/\/www.blogdothame.blog.br\/v1\/wp-json\/wp\/v2\/media?parent=185048"}],"wp:term":[{"taxonomy":"category","embeddable":true,"href":"https:\/\/www.blogdothame.blog.br\/v1\/wp-json\/wp\/v2\/categories?post=185048"},{"taxonomy":"post_tag","embeddable":true,"href":"https:\/\/www.blogdothame.blog.br\/v1\/wp-json\/wp\/v2\/tags?post=185048"}],"curies":[{"name":"wp","href":"https:\/\/api.w.org\/{rel}","templated":true}]}}