{"id":18400,"date":"2013-03-31T18:37:02","date_gmt":"2013-03-31T21:37:02","guid":{"rendered":"http:\/\/www.blogdothame.blog.br\/v1\/?p=18400"},"modified":"2013-03-31T18:37:02","modified_gmt":"2013-03-31T21:37:02","slug":"feira-de-santana-carro-sobe-passeio-atropela-e-mata-mulher-e-vai-parar-dentro-de-uma-casa","status":"publish","type":"post","link":"https:\/\/www.blogdothame.blog.br\/v1\/2013\/03\/31\/feira-de-santana-carro-sobe-passeio-atropela-e-mata-mulher-e-vai-parar-dentro-de-uma-casa\/","title":{"rendered":"Feira de Santana: carro sobe passeio, atropela e mata mulher e vai parar dentro de uma casa"},"content":{"rendered":"<p><a href=\"http:\/\/www.blogdothame.blog.br\/v1\/wp-content\/uploads\/2013\/03\/feira.jpg\"><img loading=\"lazy\" class=\"alignleft size-medium wp-image-18401\" title=\"feira\" src=\"http:\/\/www.blogdothame.blog.br\/v1\/wp-content\/uploads\/2013\/03\/feira-300x224.jpg\" alt=\"\" width=\"300\" height=\"224\" srcset=\"https:\/\/www.blogdothame.blog.br\/v1\/wp-content\/uploads\/2013\/03\/feira-300x224.jpg 300w, https:\/\/www.blogdothame.blog.br\/v1\/wp-content\/uploads\/2013\/03\/feira.jpg 445w\" sizes=\"(max-width: 300px) 100vw, 300px\" \/><\/a>Uma pessoa morreu e duas ficaram feridas ap\u00f3s um acidente na tarde deste domingo (31) na Avenida Jo\u00e3o Durval em Feira de Santana (BA). O fato ocorreu por volta de 16h em frente ao Supermercado Avenida quando um motorista conduzindo um ve\u00edculo modelo Corsa perdeu o controle e atingiu uma mulher e uma crian\u00e7a que caminhavam pelo passeio de resid\u00eancia.<\/p>\n<p>Com o impacto, a v\u00edtima, que morava a 50 metros do local, foi parar dentro da resid\u00eancia juntamente com o ve\u00edculo e morreu no local. A crian\u00e7a, sua sobrinha, foi encaminhada em estado grave para o Hospital da Crian\u00e7a.<\/p>\n<p>O motorista tamb\u00e9m foi hospitalizado no Hospital Geral Cl\u00e9riston Andrade. Segundo informa\u00e7\u00e3o de testemunhas, ele contou que se envolveu no acidente ap\u00f3s desviar de uma moto. O acidente ocorreu em frente ao comando de uma base da Policia Comunit\u00e1ria. (do site bkK2)<\/p>\n","protected":false},"excerpt":{"rendered":"<p>Uma pessoa morreu e duas ficaram feridas ap\u00f3s um acidente na tarde deste domingo (31) na Avenida Jo\u00e3o Durval em Feira de Santana (BA). O fato ocorreu por volta de 16h em frente ao Supermercado Avenida quando um motorista conduzindo um ve\u00edculo modelo Corsa perdeu o controle e atingiu uma mulher e uma crian\u00e7a que [&hellip;]<\/p>\n","protected":false},"author":2,"featured_media":0,"comment_status":"open","ping_status":"open","sticky":false,"template":"","format":"standard","meta":{"_links_to":"","_links_to_target":""},"categories":[1],"tags":[6509,358,426],"_links":{"self":[{"href":"https:\/\/www.blogdothame.blog.br\/v1\/wp-json\/wp\/v2\/posts\/18400"}],"collection":[{"href":"https:\/\/www.blogdothame.blog.br\/v1\/wp-json\/wp\/v2\/posts"}],"about":[{"href":"https:\/\/www.blogdothame.blog.br\/v1\/wp-json\/wp\/v2\/types\/post"}],"author":[{"embeddable":true,"href":"https:\/\/www.blogdothame.blog.br\/v1\/wp-json\/wp\/v2\/users\/2"}],"replies":[{"embeddable":true,"href":"https:\/\/www.blogdothame.blog.br\/v1\/wp-json\/wp\/v2\/comments?post=18400"}],"version-history":[{"count":1,"href":"https:\/\/www.blogdothame.blog.br\/v1\/wp-json\/wp\/v2\/posts\/18400\/revisions"}],"predecessor-version":[{"id":18402,"href":"https:\/\/www.blogdothame.blog.br\/v1\/wp-json\/wp\/v2\/posts\/18400\/revisions\/18402"}],"wp:attachment":[{"href":"https:\/\/www.blogdothame.blog.br\/v1\/wp-json\/wp\/v2\/media?parent=18400"}],"wp:term":[{"taxonomy":"category","embeddable":true,"href":"https:\/\/www.blogdothame.blog.br\/v1\/wp-json\/wp\/v2\/categories?post=18400"},{"taxonomy":"post_tag","embeddable":true,"href":"https:\/\/www.blogdothame.blog.br\/v1\/wp-json\/wp\/v2\/tags?post=18400"}],"curies":[{"name":"wp","href":"https:\/\/api.w.org\/{rel}","templated":true}]}}