{"id":183753,"date":"2026-01-14T15:20:55","date_gmt":"2026-01-14T18:20:55","guid":{"rendered":"https:\/\/www.blogdothame.blog.br\/v1\/?p=183753"},"modified":"2026-01-14T15:22:12","modified_gmt":"2026-01-14T18:22:12","slug":"buerarema-gel-da-farmacia-prestigia-posse-do-novo-paroco-weslei-conceicao","status":"publish","type":"post","link":"https:\/\/www.blogdothame.blog.br\/v1\/2026\/01\/14\/buerarema-gel-da-farmacia-prestigia-posse-do-novo-paroco-weslei-conceicao\/","title":{"rendered":"Buerarema: Gel da Farm\u00e1cia prestigia posse do novo p\u00e1roco Weslei Concei\u00e7\u00e3o"},"content":{"rendered":"<p><img loading=\"lazy\" class=\"aligncenter wp-image-183754\" src=\"https:\/\/www.blogdothame.blog.br\/v1\/wp-content\/uploads\/2026\/01\/POSSE-CANONICA-PE-WESLEI-1.jpeg\" alt=\"\" width=\"364\" height=\"273\" srcset=\"https:\/\/www.blogdothame.blog.br\/v1\/wp-content\/uploads\/2026\/01\/POSSE-CANONICA-PE-WESLEI-1.jpeg 512w, https:\/\/www.blogdothame.blog.br\/v1\/wp-content\/uploads\/2026\/01\/POSSE-CANONICA-PE-WESLEI-1-300x225.jpeg 300w\" sizes=\"(max-width: 364px) 100vw, 364px\" \/><\/p>\n<p style=\"text-align: right;\"><strong>Lane Fonseca<\/strong><\/p>\n<p>&nbsp;<\/p>\n<p>Na noite desta ter\u00e7a-feira (13), a Par\u00f3quia Senhora Sant\u2019Ana, em Buerarema, viveu um momento de profunda emo\u00e7\u00e3o e renova\u00e7\u00e3o da f\u00e9 com a posse can\u00f4nica do novo p\u00e1roco, padre Weslei Concei\u00e7\u00e3o. A cerim\u00f4nia, repleta de simbolismo e espiritualidade, foi marcada pela presen\u00e7a expressiva da comunidade cat\u00f3lica local,\u00a0representantes do poder p\u00fablico municipal\u00a0e\u00a0tamb\u00e9m fi\u00e9is da cidade de Ibicara\u00ed.<\/p>\n<p>&nbsp;<\/p>\n<p>O prefeito Gel da Farm\u00e1cia esteve presente, acompanhado de secret\u00e1rios, vereadores e colaboradores da gest\u00e3o, demonstrando o respeito e o apre\u00e7o da administra\u00e7\u00e3o municipal pelo papel da Igreja Cat\u00f3lica na vida social e espiritual da cidade.<\/p>\n<p>&nbsp;<\/p>\n<p>\u201cA f\u00e9 \u00e9 um pilar muito forte em nossa cidade, e a chegada do padre Weslei \u00e9 um momento especial para toda a comunidade. Desejo que sua miss\u00e3o em Buerarema seja aben\u00e7oada, frut\u00edfera e cercada de acolhimento. Nossa gest\u00e3o est\u00e1 de portas abertas para caminhar junto, em respeito e parceria, em tudo aquilo que fortale\u00e7a os valores e o bem-estar do nosso povo\u201d, destacou o prefeito.<\/p>\n<p><!--more--><\/p>\n<p>A cerim\u00f4nia foi acompanhada com grande entusiasmo pelos fi\u00e9is, que lotaram a igreja em um gesto de carinho e acolhida ao novo p\u00e1roco. Padre Weslei assume a miss\u00e3o de conduzir os trabalhos pastorais da Par\u00f3quia Senhora Sant\u2019Ana, substituindo o padre Alessandro Feitosa, que foi transferido para a cidade de Itoror\u00f3.<\/p>\n<p>&nbsp;<\/p>\n","protected":false},"excerpt":{"rendered":"<p>Lane Fonseca &nbsp; Na noite desta ter\u00e7a-feira (13), a Par\u00f3quia Senhora Sant\u2019Ana, em Buerarema, viveu um momento de profunda emo\u00e7\u00e3o e renova\u00e7\u00e3o da f\u00e9 com a posse can\u00f4nica do novo p\u00e1roco, padre Weslei Concei\u00e7\u00e3o. A cerim\u00f4nia, repleta de simbolismo e espiritualidade, foi marcada pela presen\u00e7a expressiva da comunidade cat\u00f3lica local,\u00a0representantes do poder p\u00fablico municipal\u00a0e\u00a0tamb\u00e9m fi\u00e9is [&hellip;]<\/p>\n","protected":false},"author":2,"featured_media":183754,"comment_status":"open","ping_status":"open","sticky":false,"template":"","format":"standard","meta":{"_links_to":"","_links_to_target":""},"categories":[33436,1],"tags":[124,39023,41500],"_links":{"self":[{"href":"https:\/\/www.blogdothame.blog.br\/v1\/wp-json\/wp\/v2\/posts\/183753"}],"collection":[{"href":"https:\/\/www.blogdothame.blog.br\/v1\/wp-json\/wp\/v2\/posts"}],"about":[{"href":"https:\/\/www.blogdothame.blog.br\/v1\/wp-json\/wp\/v2\/types\/post"}],"author":[{"embeddable":true,"href":"https:\/\/www.blogdothame.blog.br\/v1\/wp-json\/wp\/v2\/users\/2"}],"replies":[{"embeddable":true,"href":"https:\/\/www.blogdothame.blog.br\/v1\/wp-json\/wp\/v2\/comments?post=183753"}],"version-history":[{"count":1,"href":"https:\/\/www.blogdothame.blog.br\/v1\/wp-json\/wp\/v2\/posts\/183753\/revisions"}],"predecessor-version":[{"id":183755,"href":"https:\/\/www.blogdothame.blog.br\/v1\/wp-json\/wp\/v2\/posts\/183753\/revisions\/183755"}],"wp:featuredmedia":[{"embeddable":true,"href":"https:\/\/www.blogdothame.blog.br\/v1\/wp-json\/wp\/v2\/media\/183754"}],"wp:attachment":[{"href":"https:\/\/www.blogdothame.blog.br\/v1\/wp-json\/wp\/v2\/media?parent=183753"}],"wp:term":[{"taxonomy":"category","embeddable":true,"href":"https:\/\/www.blogdothame.blog.br\/v1\/wp-json\/wp\/v2\/categories?post=183753"},{"taxonomy":"post_tag","embeddable":true,"href":"https:\/\/www.blogdothame.blog.br\/v1\/wp-json\/wp\/v2\/tags?post=183753"}],"curies":[{"name":"wp","href":"https:\/\/api.w.org\/{rel}","templated":true}]}}