{"id":182801,"date":"2025-12-09T11:30:28","date_gmt":"2025-12-09T14:30:28","guid":{"rendered":"https:\/\/www.blogdothame.blog.br\/v1\/?p=182801"},"modified":"2025-12-09T08:05:51","modified_gmt":"2025-12-09T11:05:51","slug":"show-com-cantoras-do-sul-da-bahia-celebra-o-projeto-eu-sou-daqui-no-centro-de-cultura-em-itabuna","status":"publish","type":"post","link":"https:\/\/www.blogdothame.blog.br\/v1\/2025\/12\/09\/show-com-cantoras-do-sul-da-bahia-celebra-o-projeto-eu-sou-daqui-no-centro-de-cultura-em-itabuna\/","title":{"rendered":"Show com cantoras do sul da Bahia celebra o projeto \u201cEu Sou Daqui\u201d no Centro de Cultura em Itabuna"},"content":{"rendered":"<p><img loading=\"lazy\" class=\"aligncenter size-full wp-image-182802\" src=\"https:\/\/www.blogdothame.blog.br\/v1\/wp-content\/uploads\/2025\/12\/show-m.jpg\" alt=\"\" width=\"447\" height=\"318\" srcset=\"https:\/\/www.blogdothame.blog.br\/v1\/wp-content\/uploads\/2025\/12\/show-m.jpg 447w, https:\/\/www.blogdothame.blog.br\/v1\/wp-content\/uploads\/2025\/12\/show-m-300x213.jpg 300w\" sizes=\"(max-width: 447px) 100vw, 447px\" \/>No dia 15 de dezembro o Centro de Cultura Adonias Filho ser\u00e1 o palco do encontro de seis artistas mulheres do sul da Bahia. O show que come\u00e7a \u00e0s 19h e tem entrada gratuita, \u00e9 o resultado do projeto \u201cEu Sou Daqui &#8211; Di\u00e1logos Sobre M\u00fasica, identidade e territ\u00f3rio\u201d, que esteve presente em cinco escolas p\u00fablicas de Itabuna entre outubro e novembro deste ano.<\/p>\n<p>O projeto realizou rodas de conversa entre artistas e 400 estudantes, sobre m\u00fasica, identidade, diversidade e o papel das mulheres na cultura. As atividades fortaleceram o di\u00e1logo entre arte e educa\u00e7\u00e3o, provocando reflex\u00f5es profundas sobre representatividade e pertencimento no territ\u00f3rio.<\/p>\n<p>O espet\u00e1culo re\u00fane Lai\u00f4, Bia Reis, Brisa Aziz, Duda Reis, K\u00e9rcia Vicente e L\u00facia Ramos, cantoras que transformam seus corpos em pot\u00eancia criativa, pol\u00edtica e territorial, reafirmando a import\u00e2ncia das narrativas femininas para compreender a identidade cultural da regi\u00e3o.<\/p>\n<p>Um dos principais marcadores do \u201cEu Sou Daqui\u201d \u00e9 seu compromisso estrutural com o protagonismo feminino: toda a equipe do projeto \u00e9 formada por mulheres, em sua maioria negras e LGBTQIAPN+, atuando na produ\u00e7\u00e3o, comunica\u00e7\u00e3o, design, media\u00e7\u00e3o e curadoria. Essa escolha reafirma a ess\u00eancia do projeto, que \u00e9, ampliar espa\u00e7os de decis\u00e3o, cria\u00e7\u00e3o e visibilidade para mulheres dentro da cena cultural do sul da Bahia.<\/p>\n<p><!--more--><\/p>\n<p>Para participar desta celebra\u00e7\u00e3o em forma de um grande show \u00e9 s\u00f3 retirar o ingresso no seguinte link:\u00a0https:\/\/www.sympla.com.br\/evento\/show&#8212;eu-sou-daqui\/3232108\u00a0. Mais informa\u00e7\u00f5es na p\u00e1gina do projeto no instagram @eusoudaquiba<\/p>\n<p>O projeto foi contemplado pelo Edital da Pol\u00edtica Nacional Aldir Blanc em Itabuna- BA, com apoio da Prefeitura Municipal de Itabuna, por meio da Funda\u00e7\u00e3o Itabunense de Cultura e Cidadania &#8211; FICC, via PNAB, direcionado pelo Minist\u00e9rio da Cultura \u2013 Governo Federal.<\/p>\n","protected":false},"excerpt":{"rendered":"<p>No dia 15 de dezembro o Centro de Cultura Adonias Filho ser\u00e1 o palco do encontro de seis artistas mulheres do sul da Bahia. O show que come\u00e7a \u00e0s 19h e tem entrada gratuita, \u00e9 o resultado do projeto \u201cEu Sou Daqui &#8211; Di\u00e1logos Sobre M\u00fasica, identidade e territ\u00f3rio\u201d, que esteve presente em cinco escolas [&hellip;]<\/p>\n","protected":false},"author":2,"featured_media":182802,"comment_status":"open","ping_status":"open","sticky":false,"template":"","format":"standard","meta":{"_links_to":"","_links_to_target":""},"categories":[33434],"tags":[41326,41327,12322,41328,41329,41325,41330,40859],"_links":{"self":[{"href":"https:\/\/www.blogdothame.blog.br\/v1\/wp-json\/wp\/v2\/posts\/182801"}],"collection":[{"href":"https:\/\/www.blogdothame.blog.br\/v1\/wp-json\/wp\/v2\/posts"}],"about":[{"href":"https:\/\/www.blogdothame.blog.br\/v1\/wp-json\/wp\/v2\/types\/post"}],"author":[{"embeddable":true,"href":"https:\/\/www.blogdothame.blog.br\/v1\/wp-json\/wp\/v2\/users\/2"}],"replies":[{"embeddable":true,"href":"https:\/\/www.blogdothame.blog.br\/v1\/wp-json\/wp\/v2\/comments?post=182801"}],"version-history":[{"count":1,"href":"https:\/\/www.blogdothame.blog.br\/v1\/wp-json\/wp\/v2\/posts\/182801\/revisions"}],"predecessor-version":[{"id":182803,"href":"https:\/\/www.blogdothame.blog.br\/v1\/wp-json\/wp\/v2\/posts\/182801\/revisions\/182803"}],"wp:featuredmedia":[{"embeddable":true,"href":"https:\/\/www.blogdothame.blog.br\/v1\/wp-json\/wp\/v2\/media\/182802"}],"wp:attachment":[{"href":"https:\/\/www.blogdothame.blog.br\/v1\/wp-json\/wp\/v2\/media?parent=182801"}],"wp:term":[{"taxonomy":"category","embeddable":true,"href":"https:\/\/www.blogdothame.blog.br\/v1\/wp-json\/wp\/v2\/categories?post=182801"},{"taxonomy":"post_tag","embeddable":true,"href":"https:\/\/www.blogdothame.blog.br\/v1\/wp-json\/wp\/v2\/tags?post=182801"}],"curies":[{"name":"wp","href":"https:\/\/api.w.org\/{rel}","templated":true}]}}