{"id":182790,"date":"2025-12-09T07:23:26","date_gmt":"2025-12-09T10:23:26","guid":{"rendered":"https:\/\/www.blogdothame.blog.br\/v1\/?p=182790"},"modified":"2025-12-08T15:27:37","modified_gmt":"2025-12-08T18:27:37","slug":"santa-casa-de-itabuna-discute-parceria-com-hospital-da-italia","status":"publish","type":"post","link":"https:\/\/www.blogdothame.blog.br\/v1\/2025\/12\/09\/santa-casa-de-itabuna-discute-parceria-com-hospital-da-italia\/","title":{"rendered":"Santa Casa de Itabuna discute parceria com hospital da It\u00e1lia"},"content":{"rendered":"<p><img loading=\"lazy\" class=\"aligncenter  wp-image-182791\" src=\"https:\/\/www.blogdothame.blog.br\/v1\/wp-content\/uploads\/2025\/12\/Reuniao-com-hospital-italiano.jpeg\" alt=\"\" width=\"489\" height=\"228\" srcset=\"https:\/\/www.blogdothame.blog.br\/v1\/wp-content\/uploads\/2025\/12\/Reuniao-com-hospital-italiano.jpeg 600w, https:\/\/www.blogdothame.blog.br\/v1\/wp-content\/uploads\/2025\/12\/Reuniao-com-hospital-italiano-300x140.jpeg 300w\" sizes=\"(max-width: 489px) 100vw, 489px\" \/>Membros da Provedoria da Santa Casa de Miseric\u00f3rdia de Itabuna participaram de uma reuni\u00e3o virtual com representantes do Hospedale Sacro Cuore Don Calabria di Negrar, de Verona, na It\u00e1lia, para discutir poss\u00edveis parcerias entre as duas institui\u00e7\u00f5es. A conversa foi intermediada pelo bispo de Itabuna, Dom Jailton de Oliveira Lino, da Congrega\u00e7\u00e3o Pobres Servos da Divina Provid\u00eancia.<\/p>\n<p>De acordo com Dom Jailton Lino, o interc\u00e2mbio pode ocorrer por meio da Comiss\u00e3o de Sa\u00fade Calabriana, que faz parte do Sacro Cuore Don Calabria di Negrar, e que colabora com hospitais em pa\u00edses como Filipinas, Angola e o pr\u00f3prio Brasil. \u201cEu estou tentando fazer esse link tamb\u00e9m com a Santa Casa de Itabuna que, historicamente, atende pessoas humildes. S\u00e3o moradores de 120 munic\u00edpios atendidos pelos hospitais da institui\u00e7\u00e3o do sul da Bahia\u201d, afirma o Bispo de Itabuna.<\/p>\n<p>Dom Jailton Lino explica que foi um contato inicial com os representantes do Sacro Cuore Don Calabria di Negrar e que, ainda no primeiro semestre do ano que vem, far\u00e3o uma visita t\u00e9cnica aos hospitais da Santa Casa de Itabuna. \u201cCom a possibilidade de que seja costurado, quem sabe, um termo de colabora\u00e7\u00e3o no campo da forma\u00e7\u00e3o de profissionais t\u00e9cnicos da Santa Casa de Itabuna. Mais adiante, pode se discutir tamb\u00e9m a viabilidade da ades\u00e3o \u00e0 telemedicina\u201d, diz.<\/p>\n<p><!--more--><\/p>\n<p>J\u00e1 o provedor Francisco Valdece classificou a reuni\u00e3o como muito\u00a0 proveitosa e ficou otimista com a possibilidade da Santa Casa firmar parceria com o hospital italiano. \u201cA partir da visita t\u00e9cnica, possivelmente, iremos debater alternativas de apoio visando tanto\u00a0 a qualifica\u00e7\u00e3o profissional quanto o suporte na \u00e1rea de tecnologia\u201d, destaca Francisco Valdece.<\/p>\n<p>COBERTURA PELO SUS<\/p>\n<p>Al\u00e9m do provedor, participaram da reuni\u00e3o S\u00edlvio Roberto (primeiro-secret\u00e1rio), Andr\u00e9 Wermann (primeiro tesoureiro) e Jos\u00e9 Sidenilton Pereira (segundo-secret\u00e1rio). O Hospital Sacro Cuore Don Calabria di Negrar foi representado por Gedovar Nazzari (presidente), o m\u00e9dico Cl\u00e1udio Bianconi (diretor do Conselho de Gest\u00e3o do Sistema Calabriano de Sa\u00fade) e Alessandro Galvani (Membro do Sistema Calabriano de Sa\u00fade).<\/p>\n<p>Andr\u00e9 Wermann foi o respons\u00e1vel pela apresenta\u00e7\u00e3o do complexo de hospitais da Santa Casa (Calixto Midlej Filho, Manoel Novaes e S\u00e3o Lucas), que atende, via SUS, moradores de mais de 120 munic\u00edpios. Ele destacou as principais especialidades disponibilizadas para a popula\u00e7\u00e3o do sul da Bahia e falou sobre os projetos em andamento para qualificar ainda mais os servi\u00e7os.<\/p>\n<p>Fundado em 1933 pela Congrega\u00e7\u00e3o Cat\u00f3lica Opera Don Calabria e reconhecido, em 2018, como Instituto de Ricovero e Cura a Caratterre Scientifico (IRCCS), com especializa\u00e7\u00e3o em doen\u00e7as infecciosas e tropicais, o Hospital Sacro Cuore Don Calabria di Negrar \u00e9 refer\u00eancia no norte da It\u00e1lia.<\/p>\n","protected":false},"excerpt":{"rendered":"<p>Membros da Provedoria da Santa Casa de Miseric\u00f3rdia de Itabuna participaram de uma reuni\u00e3o virtual com representantes do Hospedale Sacro Cuore Don Calabria di Negrar, de Verona, na It\u00e1lia, para discutir poss\u00edveis parcerias entre as duas institui\u00e7\u00f5es. A conversa foi intermediada pelo bispo de Itabuna, Dom Jailton de Oliveira Lino, da Congrega\u00e7\u00e3o Pobres Servos da [&hellip;]<\/p>\n","protected":false},"author":2,"featured_media":182791,"comment_status":"open","ping_status":"open","sticky":false,"template":"","format":"standard","meta":{"_links_to":"","_links_to_target":""},"categories":[33436],"tags":[17550,41323,41321,257,1363,41322],"_links":{"self":[{"href":"https:\/\/www.blogdothame.blog.br\/v1\/wp-json\/wp\/v2\/posts\/182790"}],"collection":[{"href":"https:\/\/www.blogdothame.blog.br\/v1\/wp-json\/wp\/v2\/posts"}],"about":[{"href":"https:\/\/www.blogdothame.blog.br\/v1\/wp-json\/wp\/v2\/types\/post"}],"author":[{"embeddable":true,"href":"https:\/\/www.blogdothame.blog.br\/v1\/wp-json\/wp\/v2\/users\/2"}],"replies":[{"embeddable":true,"href":"https:\/\/www.blogdothame.blog.br\/v1\/wp-json\/wp\/v2\/comments?post=182790"}],"version-history":[{"count":1,"href":"https:\/\/www.blogdothame.blog.br\/v1\/wp-json\/wp\/v2\/posts\/182790\/revisions"}],"predecessor-version":[{"id":182792,"href":"https:\/\/www.blogdothame.blog.br\/v1\/wp-json\/wp\/v2\/posts\/182790\/revisions\/182792"}],"wp:featuredmedia":[{"embeddable":true,"href":"https:\/\/www.blogdothame.blog.br\/v1\/wp-json\/wp\/v2\/media\/182791"}],"wp:attachment":[{"href":"https:\/\/www.blogdothame.blog.br\/v1\/wp-json\/wp\/v2\/media?parent=182790"}],"wp:term":[{"taxonomy":"category","embeddable":true,"href":"https:\/\/www.blogdothame.blog.br\/v1\/wp-json\/wp\/v2\/categories?post=182790"},{"taxonomy":"post_tag","embeddable":true,"href":"https:\/\/www.blogdothame.blog.br\/v1\/wp-json\/wp\/v2\/tags?post=182790"}],"curies":[{"name":"wp","href":"https:\/\/api.w.org\/{rel}","templated":true}]}}