{"id":182229,"date":"2025-11-25T11:00:19","date_gmt":"2025-11-25T14:00:19","guid":{"rendered":"https:\/\/www.blogdothame.blog.br\/v1\/?p=182229"},"modified":"2025-11-25T11:25:04","modified_gmt":"2025-11-25T14:25:04","slug":"podcast-vem-de-la-recebe-o-multiartista-romero-mateus-na-serie-conexoes-em-rede","status":"publish","type":"post","link":"https:\/\/www.blogdothame.blog.br\/v1\/2025\/11\/25\/podcast-vem-de-la-recebe-o-multiartista-romero-mateus-na-serie-conexoes-em-rede\/","title":{"rendered":"Podcast Vem de L\u00e1 recebe o multiartista Romero Mateus na s\u00e9rie Conex\u00f5es em Rede"},"content":{"rendered":"<p><img loading=\"lazy\" class=\"aligncenter wp-image-182230\" src=\"https:\/\/www.blogdothame.blog.br\/v1\/wp-content\/uploads\/2025\/11\/PHOTO-2025-11-24-14-11-58-1.jpg\" alt=\"\" width=\"416\" height=\"277\" srcset=\"https:\/\/www.blogdothame.blog.br\/v1\/wp-content\/uploads\/2025\/11\/PHOTO-2025-11-24-14-11-58-1.jpg 600w, https:\/\/www.blogdothame.blog.br\/v1\/wp-content\/uploads\/2025\/11\/PHOTO-2025-11-24-14-11-58-1-300x200.jpg 300w\" sizes=\"(max-width: 416px) 100vw, 416px\" \/>O Podcast \u201cVem de L\u00e1\u201d exibe nesta ter\u00e7a-feira (25\/11), \u00e0s 19h, no YouTube (@podcastvemdela), um epis\u00f3dio especial com o cantor, compositor, jornalista e comunicador Romero Mateus, que celebra sua trajet\u00f3ria entre a m\u00fasica e a comunica\u00e7\u00e3o.<\/p>\n<p><img loading=\"lazy\" class=\"alignright size-medium wp-image-182231\" src=\"https:\/\/www.blogdothame.blog.br\/v1\/wp-content\/uploads\/2025\/11\/PHOTO-2025-11-24-14-11-58-300x200.jpg\" alt=\"\" width=\"300\" height=\"200\" srcset=\"https:\/\/www.blogdothame.blog.br\/v1\/wp-content\/uploads\/2025\/11\/PHOTO-2025-11-24-14-11-58-300x200.jpg 300w, https:\/\/www.blogdothame.blog.br\/v1\/wp-content\/uploads\/2025\/11\/PHOTO-2025-11-24-14-11-58.jpg 600w\" sizes=\"(max-width: 300px) 100vw, 300px\" \/>No bate-papo, Romero revisita sua caminhada por festivais estudantis, telemarketing, jornalismo pol\u00edtico, empreendedorismo e o retorno aos palcos sempre guiado pela arte, ancestralidade e pela for\u00e7a das redes colaborativas. O epis\u00f3dio integra a s\u00e9rie \u201cConex\u00f5es em Rede\u201d, que evidencia trajet\u00f3rias negras conectadas \u00e0 economia criativa, impacto social e inova\u00e7\u00e3o.<\/p>\n<p>Entre reflex\u00f5es sobre identidade, espiritualidade e presen\u00e7a digital, Romero fala sobre a press\u00e3o para que pessoas negras escolham \u201capenas um caminho\u201d. Ao compartilhar sua jornada, ele afirma: \u201cPassei muito tempo da vida querendo me compreender nesse lugar de &#8216;uma coisa ou outra&#8217;. Hoje eu n\u00e3o me entendo apenas em um \u00fanico lugar, porque sou feliz em lugares variados\u201d. A pluralidade, diz ele, tornou-se pot\u00eancia: arte, inova\u00e7\u00e3o, comunica\u00e7\u00e3o e mentoria coexistem em sua atua\u00e7\u00e3o, sempre ancorada na ancestralidade e na coletividade.<\/p>\n<p><!--more--><\/p>\n<p>Conduzido pelo jornalista e fot\u00f3grafo Andr\u00e9 Frutu\u00f4so, o epis\u00f3dio mergulha ainda na trajet\u00f3ria empreendedora de Romero, que transformou suas experi\u00eancias no telemarketing e na comunica\u00e7\u00e3o na base da Romero Arte e M\u00eddia e da Farol Negro, consultoria especializada em gest\u00e3o de marca e projetos voltados para neg\u00f3cios negros. Ele refor\u00e7a a import\u00e2ncia de narrativas afrocentradas que reposicionem pessoas e empreendimentos no centro de suas hist\u00f3rias, rompendo com l\u00f3gicas euroc\u00eantricas e valorizando identidades.<\/p>\n<p>O epis\u00f3dio tamb\u00e9m traz momentos musicais, declama\u00e7\u00f5es e depoimentos de pessoas que acompanharam sua caminhada, al\u00e9m de um spoiler sobre os pr\u00f3ximos passos da Farol Negro para 2026, com foco em programas de tra\u00e7\u00e3o de marcas negras por meio de mentorias coletivas.<\/p>\n<p>Para Frutu\u00f4so, o Vem de L\u00e1 reafirma seu prop\u00f3sito: \u201ccompartilhar hist\u00f3rias que tecem redes, costuram mem\u00f3rias e revelam caminhos convidando o p\u00fablico a se inspirar, refletir e fortalecer suas pr\u00f3prias conex\u00f5es.\u201d<\/p>\n<p>&nbsp;<\/p>\n<p>Cr\u00e9dito das Fotos: Fabr\u00edcio Rocha \/ Est\u00fadio Casa de Mainha<\/p>\n","protected":false},"excerpt":{"rendered":"<p>O Podcast \u201cVem de L\u00e1\u201d exibe nesta ter\u00e7a-feira (25\/11), \u00e0s 19h, no YouTube (@podcastvemdela), um epis\u00f3dio especial com o cantor, compositor, jornalista e comunicador Romero Mateus, que celebra sua trajet\u00f3ria entre a m\u00fasica e a comunica\u00e7\u00e3o. No bate-papo, Romero revisita sua caminhada por festivais estudantis, telemarketing, jornalismo pol\u00edtico, empreendedorismo e o retorno aos palcos sempre [&hellip;]<\/p>\n","protected":false},"author":2,"featured_media":182230,"comment_status":"open","ping_status":"open","sticky":false,"template":"","format":"standard","meta":{"_links_to":"","_links_to_target":""},"categories":[33434],"tags":[40678,40575,41210],"_links":{"self":[{"href":"https:\/\/www.blogdothame.blog.br\/v1\/wp-json\/wp\/v2\/posts\/182229"}],"collection":[{"href":"https:\/\/www.blogdothame.blog.br\/v1\/wp-json\/wp\/v2\/posts"}],"about":[{"href":"https:\/\/www.blogdothame.blog.br\/v1\/wp-json\/wp\/v2\/types\/post"}],"author":[{"embeddable":true,"href":"https:\/\/www.blogdothame.blog.br\/v1\/wp-json\/wp\/v2\/users\/2"}],"replies":[{"embeddable":true,"href":"https:\/\/www.blogdothame.blog.br\/v1\/wp-json\/wp\/v2\/comments?post=182229"}],"version-history":[{"count":1,"href":"https:\/\/www.blogdothame.blog.br\/v1\/wp-json\/wp\/v2\/posts\/182229\/revisions"}],"predecessor-version":[{"id":182232,"href":"https:\/\/www.blogdothame.blog.br\/v1\/wp-json\/wp\/v2\/posts\/182229\/revisions\/182232"}],"wp:featuredmedia":[{"embeddable":true,"href":"https:\/\/www.blogdothame.blog.br\/v1\/wp-json\/wp\/v2\/media\/182230"}],"wp:attachment":[{"href":"https:\/\/www.blogdothame.blog.br\/v1\/wp-json\/wp\/v2\/media?parent=182229"}],"wp:term":[{"taxonomy":"category","embeddable":true,"href":"https:\/\/www.blogdothame.blog.br\/v1\/wp-json\/wp\/v2\/categories?post=182229"},{"taxonomy":"post_tag","embeddable":true,"href":"https:\/\/www.blogdothame.blog.br\/v1\/wp-json\/wp\/v2\/tags?post=182229"}],"curies":[{"name":"wp","href":"https:\/\/api.w.org\/{rel}","templated":true}]}}