{"id":181595,"date":"2025-11-04T16:13:07","date_gmt":"2025-11-04T19:13:07","guid":{"rendered":"https:\/\/www.blogdothame.blog.br\/v1\/?p=181595"},"modified":"2025-11-04T12:10:33","modified_gmt":"2025-11-04T15:10:33","slug":"governo-do-estado-anuncia-conjunto-de-medidas-estrategicas-para-fortalecer-a-seguranca-publica-na-bahia","status":"publish","type":"post","link":"https:\/\/www.blogdothame.blog.br\/v1\/2025\/11\/04\/governo-do-estado-anuncia-conjunto-de-medidas-estrategicas-para-fortalecer-a-seguranca-publica-na-bahia\/","title":{"rendered":"Governo do Estado anuncia conjunto de medidas estrat\u00e9gicas para fortalecer a seguran\u00e7a p\u00fablica na Bahia"},"content":{"rendered":"<p style=\"text-align: center;\"><strong>A\u00e7\u00f5es ampliam a preven\u00e7\u00e3o da viol\u00eancia e o combate ao crime organizado, <\/strong><\/p>\n<p style=\"text-align: center;\"><strong>por meio de investimentos, intelig\u00eancia, integra\u00e7\u00e3o e inclus\u00e3o<\/strong><\/p>\n<p><img loading=\"lazy\" class=\"aligncenter wp-image-181596\" src=\"https:\/\/www.blogdothame.blog.br\/v1\/wp-content\/uploads\/2025\/11\/PHOTO-2025-11-04-10-52-11.jpg\" alt=\"\" width=\"456\" height=\"257\" srcset=\"https:\/\/www.blogdothame.blog.br\/v1\/wp-content\/uploads\/2025\/11\/PHOTO-2025-11-04-10-52-11.jpg 600w, https:\/\/www.blogdothame.blog.br\/v1\/wp-content\/uploads\/2025\/11\/PHOTO-2025-11-04-10-52-11-300x169.jpg 300w\" sizes=\"(max-width: 456px) 100vw, 456px\" \/><\/p>\n<p>Para continuar atuando com estrat\u00e9gia no combate ao crime organizado e nas a\u00e7\u00f5es de preven\u00e7\u00e3o \u00e0 viol\u00eancia na Bahia, o Governo do Estado lan\u00e7ou um conjunto de medidas para fortalecer a Seguran\u00e7a P\u00fablica, por meio de investimentos, intelig\u00eancia, integra\u00e7\u00e3o e inclus\u00e3o. As novas medidas, anunciadas pelo governador Jer\u00f4nimo Rodrigues, nesta ter\u00e7a-feira (4), incluem amplia\u00e7\u00e3o do efetivo policial, moderniza\u00e7\u00e3o de estruturas, mais investimentos em tecnologia e a\u00e7\u00f5es de promo\u00e7\u00e3o da cultura de paz. A iniciativa se soma ao trabalho que j\u00e1 vem sendo realizado em todo o estado na \u00e1rea de seguran\u00e7a p\u00fablica, onde j\u00e1 foram investidos mais de R$ 1 bilh\u00e3o, desde 2023.<\/p>\n<p><img loading=\"lazy\" class=\"aligncenter wp-image-181597\" src=\"https:\/\/www.blogdothame.blog.br\/v1\/wp-content\/uploads\/2025\/11\/PHOTO-2025-11-04-10-52-12-2.jpg\" alt=\"\" width=\"376\" height=\"211\" srcset=\"https:\/\/www.blogdothame.blog.br\/v1\/wp-content\/uploads\/2025\/11\/PHOTO-2025-11-04-10-52-12-2.jpg 512w, https:\/\/www.blogdothame.blog.br\/v1\/wp-content\/uploads\/2025\/11\/PHOTO-2025-11-04-10-52-12-2-300x168.jpg 300w\" sizes=\"(max-width: 376px) 100vw, 376px\" \/><\/p>\n<p>Entre as a\u00e7\u00f5es est\u00e3o concursos com 750 vagas para a Pol\u00edcia Civil, convoca\u00e7\u00f5es de 85 oficiais da Pol\u00edcia Militar, 41 do Corpo de Bombeiros e 153 policiais penais, al\u00e9m da entrada em servi\u00e7o de dois mil novos policiais militares at\u00e9 o fim do ano e o chamamento de 600 reservistas da PM. O conjunto de iniciativas tamb\u00e9m inclui a entrega de mais 500 novas viaturas at\u00e9 dezembro de 2025, a constru\u00e7\u00e3o de 66 unidades operacionais das for\u00e7as policiais e a amplia\u00e7\u00e3o em 1.756 vagas no sistema prisional baiano.<\/p>\n<p><img loading=\"lazy\" class=\"aligncenter wp-image-181598\" src=\"https:\/\/www.blogdothame.blog.br\/v1\/wp-content\/uploads\/2025\/11\/PHOTO-2025-11-04-10-52-13-1.jpg\" alt=\"\" width=\"404\" height=\"227\" srcset=\"https:\/\/www.blogdothame.blog.br\/v1\/wp-content\/uploads\/2025\/11\/PHOTO-2025-11-04-10-52-13-1.jpg 600w, https:\/\/www.blogdothame.blog.br\/v1\/wp-content\/uploads\/2025\/11\/PHOTO-2025-11-04-10-52-13-1-300x169.jpg 300w\" sizes=\"(max-width: 404px) 100vw, 404px\" \/><\/p>\n<p>O governador destacou que o fortalecimento da seguran\u00e7a p\u00fablica tem sido prioridade desde o in\u00edcio da gest\u00e3o e que os novos investimentos consolidam um modelo de atua\u00e7\u00e3o pautado em planejamento, valoriza\u00e7\u00e3o e presen\u00e7a do Estado. \u201cEstamos seguindo com seriedade e compromisso para garantir mais seguran\u00e7a \u00e0 popula\u00e7\u00e3o. Esses investimentos fortalecem o trabalho das pol\u00edcias, melhoram as condi\u00e7\u00f5es de quem atua na linha de frente e ampliam a nossa capacidade de preven\u00e7\u00e3o e resposta. Seguran\u00e7a se faz com estrutura, intelig\u00eancia e tamb\u00e9m com inclus\u00e3o\u201d, afirmou Jer\u00f4nimo Rodrigues.<\/p>\n<p><!--more--><\/p>\n<p>As medidas tamb\u00e9m contemplam o aprimoramento das a\u00e7\u00f5es de intelig\u00eancia e investiga\u00e7\u00e3o, com a implanta\u00e7\u00e3o do Programa de Policiamento Orientado pela Intelig\u00eancia, a constru\u00e7\u00e3o do novo Centro de Forma\u00e7\u00e3o e Aperfei\u00e7oamento de Pra\u00e7as da Pol\u00edcia Militar e da nova sede do Departamento de Pol\u00edcia T\u00e9cnica (DPT). Al\u00e9m disso, ser\u00e3o adquiridos novos drones para monitoramento de grandes eventos e equipamentos de an\u00e1lise de adultera\u00e7\u00e3o de combust\u00edveis e bebidas, favorecendo o trabalho pericial e investigativo.<\/p>\n<p>Segundo o secret\u00e1rio da Seguran\u00e7a P\u00fablica, Marcelo Werner, as a\u00e7\u00f5es anunciadas refor\u00e7am a integra\u00e7\u00e3o entre as for\u00e7as e o compromisso com a melhoria constante do servi\u00e7o prestado \u00e0 popula\u00e7\u00e3o. \u201cA Bahia est\u00e1 consolidando um novo patamar de estrutura e efici\u00eancia na seguran\u00e7a p\u00fablica. Estamos investindo na amplia\u00e7\u00e3o do efetivo, na forma\u00e7\u00e3o de novos profissionais e em tecnologia, garantindo respostas mais r\u00e1pidas e qualificadas em todas as regi\u00f5es do estado\u201d, ressaltou Werner.<\/p>\n<p>Medidas anunciadas<\/p>\n<p><img loading=\"lazy\" class=\"aligncenter wp-image-181599\" src=\"https:\/\/www.blogdothame.blog.br\/v1\/wp-content\/uploads\/2025\/11\/PHOTO-2025-11-04-10-52-13.jpg\" alt=\"\" width=\"467\" height=\"262\" srcset=\"https:\/\/www.blogdothame.blog.br\/v1\/wp-content\/uploads\/2025\/11\/PHOTO-2025-11-04-10-52-13.jpg 512w, https:\/\/www.blogdothame.blog.br\/v1\/wp-content\/uploads\/2025\/11\/PHOTO-2025-11-04-10-52-13-300x168.jpg 300w\" sizes=\"(max-width: 467px) 100vw, 467px\" \/><\/p>\n<p>Entre as pr\u00f3ximas a\u00e7\u00f5es, o Governo da Bahia vai ampliar o Programa Bahia Pela Paz, transformando 149 escolas em espa\u00e7os de esporte e cultura nos fins de semana e implantando 24 novos coletivos culturais at\u00e9 2026. O Corra pro Abra\u00e7o chegar\u00e1 a Ilh\u00e9us, Itabuna e Alagoinhas, e Salvador ganhar\u00e1 a Unidade Feminina de Semiliberdade e novas escolas reformadas em \u00e1reas priorit\u00e1rias. Tamb\u00e9m est\u00e3o previstas a constru\u00e7\u00e3o de tr\u00eas Casas da Mulher Brasileira e tr\u00eas Centros Comunit\u00e1rios pela Vida (CONVIVE), a implanta\u00e7\u00e3o do Policiamento Orientado pela Intelig\u00eancia, a cria\u00e7\u00e3o do novo Centro de Forma\u00e7\u00e3o da PM e da nova sede do DPT.<\/p>\n<p>Investimentos j\u00e1 realizados<\/p>\n<p><img loading=\"lazy\" class=\"aligncenter wp-image-181600\" src=\"https:\/\/www.blogdothame.blog.br\/v1\/wp-content\/uploads\/2025\/11\/PHOTO-2025-11-04-10-52-12-1.jpg\" alt=\"\" width=\"376\" height=\"211\" srcset=\"https:\/\/www.blogdothame.blog.br\/v1\/wp-content\/uploads\/2025\/11\/PHOTO-2025-11-04-10-52-12-1.jpg 512w, https:\/\/www.blogdothame.blog.br\/v1\/wp-content\/uploads\/2025\/11\/PHOTO-2025-11-04-10-52-12-1-300x168.jpg 300w\" sizes=\"(max-width: 376px) 100vw, 376px\" \/><\/p>\n<p>Desde 2023, o Governo da Bahia vem promovendo uma reestrutura\u00e7\u00e3o completa da seguran\u00e7a p\u00fablica, com mais de R$ 1 bilh\u00e3o investidos em novas unidades, equipamentos e tecnologia. Nesse per\u00edodo, foram incorporados 7.300 novos agentes entre concursos e convoca\u00e7\u00f5es, al\u00e9m de 2.084 policiais militares e 422 bombeiros em forma\u00e7\u00e3o. O Estado tamb\u00e9m entregou 6.300 viaturas, 20 mil coletes bal\u00edsticos, 3.787 armas de grosso calibre e um novo helic\u00f3ptero para o Corpo de Bombeiros.<\/p>\n<p><img loading=\"lazy\" class=\"aligncenter  wp-image-181602\" src=\"https:\/\/www.blogdothame.blog.br\/v1\/wp-content\/uploads\/2025\/11\/PHOTO-2025-11-04-10-52-12-3.jpg\" alt=\"\" width=\"442\" height=\"248\" srcset=\"https:\/\/www.blogdothame.blog.br\/v1\/wp-content\/uploads\/2025\/11\/PHOTO-2025-11-04-10-52-12-3.jpg 512w, https:\/\/www.blogdothame.blog.br\/v1\/wp-content\/uploads\/2025\/11\/PHOTO-2025-11-04-10-52-12-3-300x168.jpg 300w\" sizes=\"(max-width: 442px) 100vw, 442px\" \/><\/p>\n<p>A Bahia abriga hoje o maior centro de opera\u00e7\u00f5es integradas da Am\u00e9rica Latina, com 19 unidades interligadas em todo o territ\u00f3rio. O sistema de reconhecimento facial implantado em 81 munic\u00edpios j\u00e1 contribuiu para mais de 3.700 pris\u00f5es no primeiro semestre de 2025, e a instala\u00e7\u00e3o de c\u00e2meras corporais em unidades operacionais refor\u00e7a a transpar\u00eancia e o controle. Em paralelo, o programa Bahia Pela Paz leva cultura, esporte e cidadania para territ\u00f3rios mais vulner\u00e1veis, mostrando que seguran\u00e7a tamb\u00e9m se constr\u00f3i com inclus\u00e3o e oportunidade.<\/p>\n<p>*<\/p>\n<p>Fotos: Feij\u00e3o Almeida\/GOVBA<\/p>\n","protected":false},"excerpt":{"rendered":"<p>A\u00e7\u00f5es ampliam a preven\u00e7\u00e3o da viol\u00eancia e o combate ao crime organizado, por meio de investimentos, intelig\u00eancia, integra\u00e7\u00e3o e inclus\u00e3o Para continuar atuando com estrat\u00e9gia no combate ao crime organizado e nas a\u00e7\u00f5es de preven\u00e7\u00e3o \u00e0 viol\u00eancia na Bahia, o Governo do Estado lan\u00e7ou um conjunto de medidas para fortalecer a Seguran\u00e7a P\u00fablica, por meio [&hellip;]<\/p>\n","protected":false},"author":2,"featured_media":181596,"comment_status":"open","ping_status":"open","sticky":false,"template":"","format":"standard","meta":{"_links_to":"","_links_to_target":""},"categories":[33432],"tags":[16,41067,777],"_links":{"self":[{"href":"https:\/\/www.blogdothame.blog.br\/v1\/wp-json\/wp\/v2\/posts\/181595"}],"collection":[{"href":"https:\/\/www.blogdothame.blog.br\/v1\/wp-json\/wp\/v2\/posts"}],"about":[{"href":"https:\/\/www.blogdothame.blog.br\/v1\/wp-json\/wp\/v2\/types\/post"}],"author":[{"embeddable":true,"href":"https:\/\/www.blogdothame.blog.br\/v1\/wp-json\/wp\/v2\/users\/2"}],"replies":[{"embeddable":true,"href":"https:\/\/www.blogdothame.blog.br\/v1\/wp-json\/wp\/v2\/comments?post=181595"}],"version-history":[{"count":3,"href":"https:\/\/www.blogdothame.blog.br\/v1\/wp-json\/wp\/v2\/posts\/181595\/revisions"}],"predecessor-version":[{"id":181604,"href":"https:\/\/www.blogdothame.blog.br\/v1\/wp-json\/wp\/v2\/posts\/181595\/revisions\/181604"}],"wp:featuredmedia":[{"embeddable":true,"href":"https:\/\/www.blogdothame.blog.br\/v1\/wp-json\/wp\/v2\/media\/181596"}],"wp:attachment":[{"href":"https:\/\/www.blogdothame.blog.br\/v1\/wp-json\/wp\/v2\/media?parent=181595"}],"wp:term":[{"taxonomy":"category","embeddable":true,"href":"https:\/\/www.blogdothame.blog.br\/v1\/wp-json\/wp\/v2\/categories?post=181595"},{"taxonomy":"post_tag","embeddable":true,"href":"https:\/\/www.blogdothame.blog.br\/v1\/wp-json\/wp\/v2\/tags?post=181595"}],"curies":[{"name":"wp","href":"https:\/\/api.w.org\/{rel}","templated":true}]}}