{"id":181564,"date":"2025-11-03T20:00:07","date_gmt":"2025-11-03T23:00:07","guid":{"rendered":"https:\/\/www.blogdothame.blog.br\/v1\/?p=181564"},"modified":"2025-11-03T17:21:02","modified_gmt":"2025-11-03T20:21:02","slug":"clara-charf-marighela-centenario-de-luz-e-coragem","status":"publish","type":"post","link":"https:\/\/www.blogdothame.blog.br\/v1\/2025\/11\/03\/clara-charf-marighela-centenario-de-luz-e-coragem\/","title":{"rendered":"Clara Charf Marighela, centen\u00e1rio de luz e coragem"},"content":{"rendered":"<p><img loading=\"lazy\" class=\"aligncenter  wp-image-181565\" src=\"https:\/\/www.blogdothame.blog.br\/v1\/wp-content\/uploads\/2025\/11\/clara-m.jpg\" alt=\"\" width=\"365\" height=\"310\" srcset=\"https:\/\/www.blogdothame.blog.br\/v1\/wp-content\/uploads\/2025\/11\/clara-m.jpg 600w, https:\/\/www.blogdothame.blog.br\/v1\/wp-content\/uploads\/2025\/11\/clara-m-300x255.jpg 300w\" sizes=\"(max-width: 365px) 100vw, 365px\" \/><\/p>\n<p style=\"text-align: right;\"><strong>Frei Betto<\/strong><\/p>\n<p>Na v\u00e9spera do dia em que o Brasil comemora o assassinato de Carlos Marighella, tombado em 4 de novembro de 1969 pela ditadura militar, parte Clara, sua companheira de vida e de lutas, aos 100 anos. \u00c9 como se o tempo, c\u00famplice do afeto, a tivesse esperado completar o ciclo inteiro &#8211; um s\u00e9culo de resist\u00eancia e dignidade &#8211; para que, enfim, os dois voltassem a se encontrar al\u00e9m dos riscos e da aus\u00eancia. Clara viveu a hist\u00f3ria por dentro, mas sem jamais buscar o palco. Foi testemunha da persegui\u00e7\u00e3o, do ex\u00edlio, da solid\u00e3o imposta a quem amou &#8211; um homem tornado s\u00edmbolo de insurg\u00eancia revolucion\u00e1ria.<\/p>\n<p>Enquanto o nome de Marighella era ca\u00e7ado, difamado, proibido, ela guardava o seu com serenidade e firmeza, sustentando a mem\u00f3ria e a esperan\u00e7a, tecendo com gestos mi\u00fados a grandeza cotidiana da resist\u00eancia. Ser mulher de um revolucion\u00e1rio \u00e9, muitas vezes, ser silenciada pela narrativa dos her\u00f3is. Mas Clara n\u00e3o coube nesse sil\u00eancio.<\/p>\n<p>Fez da vida um territ\u00f3rio de cuidado e, da lembran\u00e7a, um ato pol\u00edtico. No corpo fr\u00e1gil e na voz doce morava uma for\u00e7a que n\u00e3o se media em armas, mas em fidelidade \u00e0 justi\u00e7a. Ao longo das d\u00e9cadas, acolheu jovens, militantes, artistas e pesquisadores que buscavam entender o Brasil profundo que Marighella sonhou &#8211; e que ela, sem alarde, continuou a cultivar. Sua transvivencia\u00e7\u00e3o, na v\u00e9spera do mart\u00edrio do companheiro, n\u00e3o \u00e9 acaso: \u00e9 gesto po\u00e9tico da hist\u00f3ria. Dois corpos que o poder tentou separar se reencontram agora no tempo da liberdade infinda. Clara atravessou cem anos de persegui\u00e7\u00f5es e esperan\u00e7as, ex\u00edlios e terror de Estado, carregando a chama acesa de um pa\u00eds por vir. Seu nome se junta ao de Marighella n\u00e3o como sombra, mas como claridade &#8211; porque, gra\u00e7as a Clara, Marighella enfrentou a luta estimulado por uma companheira sens\u00edvel e l\u00facida. Hoje o Brasil despede-se dessa mulher que n\u00e3o empunhou fuzis, mas manteve viva a chama que ilumina utopias.<\/p>\n<p><!--more--><\/p>\n<p>Tomara que sua passagem inspire novas gera\u00e7\u00f5es a compreender que a revolu\u00e7\u00e3o come\u00e7a no cora\u00e7\u00e3o, na ternura, na coragem de n\u00e3o se calar, na f\u00e9 teimosa no amor e na justi\u00e7a. Clara Marighella partiu, mas deixa um rastro de sol. Morreu centen\u00e1ria, vitoriosa, com o mesmo olhar sereno de quem nunca deixou de acreditar que o mundo pode ser melhor. Ao lado de Carlos, continua a sussurrar \u00e0 hist\u00f3ria: Nada apaga o que \u00e9 feito por amor e liberdade.<\/p>\n<p>&nbsp;<\/p>\n<p>&#8212;-<\/p>\n<p><em>Frei Betto \u00e9 escritor, autor de Batismo de Sangue<\/em><\/p>\n<p>(Foto Rafael Stedile)<\/p>\n","protected":false},"excerpt":{"rendered":"<p>Frei Betto Na v\u00e9spera do dia em que o Brasil comemora o assassinato de Carlos Marighella, tombado em 4 de novembro de 1969 pela ditadura militar, parte Clara, sua companheira de vida e de lutas, aos 100 anos. \u00c9 como se o tempo, c\u00famplice do afeto, a tivesse esperado completar o ciclo inteiro &#8211; um [&hellip;]<\/p>\n","protected":false},"author":2,"featured_media":181565,"comment_status":"open","ping_status":"open","sticky":false,"template":"","format":"standard","meta":{"_links_to":"","_links_to_target":""},"categories":[33434],"tags":[12219,7615,41061,8919],"_links":{"self":[{"href":"https:\/\/www.blogdothame.blog.br\/v1\/wp-json\/wp\/v2\/posts\/181564"}],"collection":[{"href":"https:\/\/www.blogdothame.blog.br\/v1\/wp-json\/wp\/v2\/posts"}],"about":[{"href":"https:\/\/www.blogdothame.blog.br\/v1\/wp-json\/wp\/v2\/types\/post"}],"author":[{"embeddable":true,"href":"https:\/\/www.blogdothame.blog.br\/v1\/wp-json\/wp\/v2\/users\/2"}],"replies":[{"embeddable":true,"href":"https:\/\/www.blogdothame.blog.br\/v1\/wp-json\/wp\/v2\/comments?post=181564"}],"version-history":[{"count":1,"href":"https:\/\/www.blogdothame.blog.br\/v1\/wp-json\/wp\/v2\/posts\/181564\/revisions"}],"predecessor-version":[{"id":181566,"href":"https:\/\/www.blogdothame.blog.br\/v1\/wp-json\/wp\/v2\/posts\/181564\/revisions\/181566"}],"wp:featuredmedia":[{"embeddable":true,"href":"https:\/\/www.blogdothame.blog.br\/v1\/wp-json\/wp\/v2\/media\/181565"}],"wp:attachment":[{"href":"https:\/\/www.blogdothame.blog.br\/v1\/wp-json\/wp\/v2\/media?parent=181564"}],"wp:term":[{"taxonomy":"category","embeddable":true,"href":"https:\/\/www.blogdothame.blog.br\/v1\/wp-json\/wp\/v2\/categories?post=181564"},{"taxonomy":"post_tag","embeddable":true,"href":"https:\/\/www.blogdothame.blog.br\/v1\/wp-json\/wp\/v2\/tags?post=181564"}],"curies":[{"name":"wp","href":"https:\/\/api.w.org\/{rel}","templated":true}]}}