{"id":181506,"date":"2025-11-02T09:58:58","date_gmt":"2025-11-02T12:58:58","guid":{"rendered":"https:\/\/www.blogdothame.blog.br\/v1\/?p=181506"},"modified":"2025-11-02T17:26:41","modified_gmt":"2025-11-02T20:26:41","slug":"flicacsu-encerra-inscricoes-para-casa-dos-autores","status":"publish","type":"post","link":"https:\/\/www.blogdothame.blog.br\/v1\/2025\/11\/02\/flicacsu-encerra-inscricoes-para-casa-dos-autores\/","title":{"rendered":"FLICACAU encerra inscri\u00e7\u00f5es para Casa dos Autores"},"content":{"rendered":"<p><img loading=\"lazy\" class=\"aligncenter size-full wp-image-181507\" src=\"https:\/\/www.blogdothame.blog.br\/v1\/wp-content\/uploads\/2025\/11\/flicacau-lancamento-coletivo-de-livros.jpeg\" alt=\"\" width=\"600\" height=\"169\" srcset=\"https:\/\/www.blogdothame.blog.br\/v1\/wp-content\/uploads\/2025\/11\/flicacau-lancamento-coletivo-de-livros.jpeg 600w, https:\/\/www.blogdothame.blog.br\/v1\/wp-content\/uploads\/2025\/11\/flicacau-lancamento-coletivo-de-livros-300x85.jpeg 300w\" sizes=\"(max-width: 600px) 100vw, 600px\" \/>Terminam nesta segunda-feira (3) as inscri\u00e7\u00f5es para o lan\u00e7amento coletivo de livros na Casa dos Autores Baianos, um dos espa\u00e7os da Festa Liter\u00e1ria da Regi\u00e3o Cacaueira (Flicacau), que que vai movimentar o Centro de Cultura Adonias Filho, em Itabuna, de 27 a 29 de novembro.<\/p>\n<p>Podem participar autores residentes em qualquer parte do Brasil. Ser\u00e3o preenchidas 30 vagas. O edital de chamamento reserva 10% delas para pessoas com defici\u00eancia, outros 10% para negros e 5% para ind\u00edgenas. As inscri\u00e7\u00f5es no site da Flicacau 2025 (https:\/\/sarcacomunicacao.com.br\/flicacau.php). A participa\u00e7\u00e3o \u00e9 gratuita.<\/p>\n<p>Para se inscrever, \u00e9 necess\u00e1rio encaminhar a Ficha de Inscri\u00e7\u00e3o preenchida (dispon\u00edvel no Anexo 1 do Edital), acompanhada de portf\u00f3lio-biografia, capa do livro em alta defini\u00e7\u00e3o, foto do(a) autor(a), al\u00e9m dos anexos de 2 a 7 preenchidos (no que couber a cada proponente). O material dever\u00e1 ser enviado por e-mail (\u00a0editalflicacau2025@gmail.com).<\/p>\n<p>O resultado sair\u00e1 at\u00e9 16 de novembro. O lan\u00e7amento coletivo est\u00e1 marcado para o dia 28 de novembro, uma sexta-feira, com 15 obras no turno matutino e outras 15 \u00e0 tarde. Cada autor(a) ter\u00e1 cinco minutos para apresentar seu trabalho. Ao final das apresenta\u00e7\u00f5es, haver\u00e1 sess\u00e3o de aut\u00f3grafos.<\/p>\n<p><!--more--><\/p>\n<p>O edital n\u00e3o prev\u00ea cach\u00eas nem custeio de deslocamento, estadia e alimenta\u00e7\u00e3o dos participantes.<\/p>\n<p>A Flicacau tem patroc\u00ednio do Governo do Estado. \u00c9 contemplada tamb\u00e9m pelo Projeto Bahia Liter\u00e1ria, iniciativa da Funda\u00e7\u00e3o Pedro Calmon (FPC), unidade vinculada \u00e0 Secretaria de Cultura da Bahia (SecultBA) e da Secretaria Estadual de Educa\u00e7\u00e3o (SEC). Conta com o apoio da Prefeitura de Itabuna. A realiza\u00e7\u00e3o \u00e9 da Seneh Comunica\u00e7\u00e3o &amp; Projetos.<\/p>\n","protected":false},"excerpt":{"rendered":"<p>Terminam nesta segunda-feira (3) as inscri\u00e7\u00f5es para o lan\u00e7amento coletivo de livros na Casa dos Autores Baianos, um dos espa\u00e7os da Festa Liter\u00e1ria da Regi\u00e3o Cacaueira (Flicacau), que que vai movimentar o Centro de Cultura Adonias Filho, em Itabuna, de 27 a 29 de novembro. Podem participar autores residentes em qualquer parte do Brasil. Ser\u00e3o [&hellip;]<\/p>\n","protected":false},"author":2,"featured_media":181507,"comment_status":"open","ping_status":"open","sticky":false,"template":"","format":"standard","meta":{"_links_to":"","_links_to_target":""},"categories":[33435],"tags":[41047,41046],"_links":{"self":[{"href":"https:\/\/www.blogdothame.blog.br\/v1\/wp-json\/wp\/v2\/posts\/181506"}],"collection":[{"href":"https:\/\/www.blogdothame.blog.br\/v1\/wp-json\/wp\/v2\/posts"}],"about":[{"href":"https:\/\/www.blogdothame.blog.br\/v1\/wp-json\/wp\/v2\/types\/post"}],"author":[{"embeddable":true,"href":"https:\/\/www.blogdothame.blog.br\/v1\/wp-json\/wp\/v2\/users\/2"}],"replies":[{"embeddable":true,"href":"https:\/\/www.blogdothame.blog.br\/v1\/wp-json\/wp\/v2\/comments?post=181506"}],"version-history":[{"count":2,"href":"https:\/\/www.blogdothame.blog.br\/v1\/wp-json\/wp\/v2\/posts\/181506\/revisions"}],"predecessor-version":[{"id":181513,"href":"https:\/\/www.blogdothame.blog.br\/v1\/wp-json\/wp\/v2\/posts\/181506\/revisions\/181513"}],"wp:featuredmedia":[{"embeddable":true,"href":"https:\/\/www.blogdothame.blog.br\/v1\/wp-json\/wp\/v2\/media\/181507"}],"wp:attachment":[{"href":"https:\/\/www.blogdothame.blog.br\/v1\/wp-json\/wp\/v2\/media?parent=181506"}],"wp:term":[{"taxonomy":"category","embeddable":true,"href":"https:\/\/www.blogdothame.blog.br\/v1\/wp-json\/wp\/v2\/categories?post=181506"},{"taxonomy":"post_tag","embeddable":true,"href":"https:\/\/www.blogdothame.blog.br\/v1\/wp-json\/wp\/v2\/tags?post=181506"}],"curies":[{"name":"wp","href":"https:\/\/api.w.org\/{rel}","templated":true}]}}