{"id":181463,"date":"2025-10-31T10:30:09","date_gmt":"2025-10-31T13:30:09","guid":{"rendered":"https:\/\/www.blogdothame.blog.br\/v1\/?p=181463"},"modified":"2025-10-30T16:05:54","modified_gmt":"2025-10-30T19:05:54","slug":"cvr-costa-do-cacau-e-destaque-na-serie-raizes-do-futuro-na-tv-santa-cruz","status":"publish","type":"post","link":"https:\/\/www.blogdothame.blog.br\/v1\/2025\/10\/31\/cvr-costa-do-cacau-e-destaque-na-serie-raizes-do-futuro-na-tv-santa-cruz\/","title":{"rendered":"CVR Costa do Cacau  \u00e9 destaque na s\u00e9rie  Ra\u00edzes do Futuro na TV Santa Cruz"},"content":{"rendered":"<p><img loading=\"lazy\" class=\"aligncenter wp-image-181377\" src=\"https:\/\/www.blogdothame.blog.br\/v1\/wp-content\/uploads\/2025\/10\/CVR-5-anos-2.jpg\" alt=\"\" width=\"428\" height=\"241\" srcset=\"https:\/\/www.blogdothame.blog.br\/v1\/wp-content\/uploads\/2025\/10\/CVR-5-anos-2.jpg 600w, https:\/\/www.blogdothame.blog.br\/v1\/wp-content\/uploads\/2025\/10\/CVR-5-anos-2-300x169.jpg 300w\" sizes=\"(max-width: 428px) 100vw, 428px\" \/>A CVR Costa do Cacau foi um dos destaques da s\u00e9rie de reportagens Ra\u00edzes do Futuro, exibida no programa Bahia Meio Dia, da TV Santa Cruz. O gestor Maur\u00edcio Ramos Sena e o encarregado de opera\u00e7\u00f5es Hudson Sheiffler mostraram como funciona o processo de compacta\u00e7\u00e3o dos res\u00edduos.<br \/>\nEles tamb\u00e9m refor\u00e7aram um ponto essencial: o gerenciamento adequado dos res\u00edduos \u00e9 fundamental para garantir a preserva\u00e7\u00e3o do meio ambiente.<\/p>\n<p>Assista:<\/p>\n<p><iframe loading=\"lazy\" title=\"Raizes do Futuro TV Santa Cruz\" src=\"https:\/\/www.youtube.com\/embed\/ceyVaXJtP_M\" width=\"560\" height=\"315\" frameborder=\"0\" allowfullscreen=\"allowfullscreen\"><\/iframe><\/p>\n","protected":false},"excerpt":{"rendered":"<p>A CVR Costa do Cacau foi um dos destaques da s\u00e9rie de reportagens Ra\u00edzes do Futuro, exibida no programa Bahia Meio Dia, da TV Santa Cruz. O gestor Maur\u00edcio Ramos Sena e o encarregado de opera\u00e7\u00f5es Hudson Sheiffler mostraram como funciona o processo de compacta\u00e7\u00e3o dos res\u00edduos. Eles tamb\u00e9m refor\u00e7aram um ponto essencial: o gerenciamento [&hellip;]<\/p>\n","protected":false},"author":2,"featured_media":181377,"comment_status":"open","ping_status":"open","sticky":false,"template":"","format":"standard","meta":{"_links_to":"","_links_to_target":""},"categories":[33434],"tags":[27775,41038,752],"_links":{"self":[{"href":"https:\/\/www.blogdothame.blog.br\/v1\/wp-json\/wp\/v2\/posts\/181463"}],"collection":[{"href":"https:\/\/www.blogdothame.blog.br\/v1\/wp-json\/wp\/v2\/posts"}],"about":[{"href":"https:\/\/www.blogdothame.blog.br\/v1\/wp-json\/wp\/v2\/types\/post"}],"author":[{"embeddable":true,"href":"https:\/\/www.blogdothame.blog.br\/v1\/wp-json\/wp\/v2\/users\/2"}],"replies":[{"embeddable":true,"href":"https:\/\/www.blogdothame.blog.br\/v1\/wp-json\/wp\/v2\/comments?post=181463"}],"version-history":[{"count":1,"href":"https:\/\/www.blogdothame.blog.br\/v1\/wp-json\/wp\/v2\/posts\/181463\/revisions"}],"predecessor-version":[{"id":181464,"href":"https:\/\/www.blogdothame.blog.br\/v1\/wp-json\/wp\/v2\/posts\/181463\/revisions\/181464"}],"wp:featuredmedia":[{"embeddable":true,"href":"https:\/\/www.blogdothame.blog.br\/v1\/wp-json\/wp\/v2\/media\/181377"}],"wp:attachment":[{"href":"https:\/\/www.blogdothame.blog.br\/v1\/wp-json\/wp\/v2\/media?parent=181463"}],"wp:term":[{"taxonomy":"category","embeddable":true,"href":"https:\/\/www.blogdothame.blog.br\/v1\/wp-json\/wp\/v2\/categories?post=181463"},{"taxonomy":"post_tag","embeddable":true,"href":"https:\/\/www.blogdothame.blog.br\/v1\/wp-json\/wp\/v2\/tags?post=181463"}],"curies":[{"name":"wp","href":"https:\/\/api.w.org\/{rel}","templated":true}]}}