{"id":181459,"date":"2025-10-30T19:31:47","date_gmt":"2025-10-30T22:31:47","guid":{"rendered":"https:\/\/www.blogdothame.blog.br\/v1\/?p=181459"},"modified":"2025-10-30T16:48:27","modified_gmt":"2025-10-30T19:48:27","slug":"colegio-estadual-braulio-xavier-realiza-oitava-edicao-de-feira-de-ciencias-em-arataca","status":"publish","type":"post","link":"https:\/\/www.blogdothame.blog.br\/v1\/2025\/10\/30\/colegio-estadual-braulio-xavier-realiza-oitava-edicao-de-feira-de-ciencias-em-arataca\/","title":{"rendered":"Col\u00e9gio Estadual Br\u00e1ulio Xavier realiza oitava edi\u00e7\u00e3o de Feira de Ci\u00eancias em Arataca"},"content":{"rendered":"<p><img loading=\"lazy\" class=\"aligncenter wp-image-181460\" src=\"https:\/\/www.blogdothame.blog.br\/v1\/wp-content\/uploads\/2025\/10\/PHOTO-2025-10-29-16-34-41-1.jpg\" alt=\"\" width=\"386\" height=\"295\" srcset=\"https:\/\/www.blogdothame.blog.br\/v1\/wp-content\/uploads\/2025\/10\/PHOTO-2025-10-29-16-34-41-1.jpg 600w, https:\/\/www.blogdothame.blog.br\/v1\/wp-content\/uploads\/2025\/10\/PHOTO-2025-10-29-16-34-41-1-300x230.jpg 300w\" sizes=\"(max-width: 386px) 100vw, 386px\" \/>O Col\u00e9gio Estadual Br\u00e1ulio Xavier, localizado no munic\u00edpio de Arataca, realiza, nesta quinta e sexta-feira (30 e 31), a oitava edi\u00e7\u00e3o da Feira de Ci\u00eancias, que, neste ano, traz como tema \u201cCi\u00eancia gera consci\u00eancia\u201d. O evento, que ser\u00e1 realizado no Espa\u00e7o da Feira Nova, reunir\u00e1 cerca de 330 estudantes apresentando experimentos e projetos desenvolvidos em sala de aula, com foco na populariza\u00e7\u00e3o da ci\u00eancia e no despertar da curiosidade cient\u00edfica entre os jovens.<\/p>\n<p><img loading=\"lazy\" class=\"alignright wp-image-181461\" src=\"https:\/\/www.blogdothame.blog.br\/v1\/wp-content\/uploads\/2025\/10\/PHOTO-2025-10-29-16-34-41-200x300.jpg\" alt=\"\" width=\"145\" height=\"218\" srcset=\"https:\/\/www.blogdothame.blog.br\/v1\/wp-content\/uploads\/2025\/10\/PHOTO-2025-10-29-16-34-41-200x300.jpg 200w, https:\/\/www.blogdothame.blog.br\/v1\/wp-content\/uploads\/2025\/10\/PHOTO-2025-10-29-16-34-41.jpg 367w\" sizes=\"(max-width: 145px) 100vw, 145px\" \/>A feira \u00e9 realizada em parceria com a Universidade Federal do Sul da Bahia (UFSB) e tem o objetivo de incentivar a produ\u00e7\u00e3o cient\u00edfica e promover o aprendizado pr\u00e1tico. A diretora da unidade, Rosani Gentil, refor\u00e7a o convite \u00e0 comunidade local. \u201cConvidamos todos a prestigiarem os experimentos e descobertas dos nossos alunos. Ser\u00e1 um momento de aprendizado, criatividade e valoriza\u00e7\u00e3o da ci\u00eancia\u201d.<\/p>\n<p>A abertura oficial ser\u00e1 realizada nesta quinta-feira (30), \u00e0s 19h, com a participa\u00e7\u00e3o dos estudantes da Educa\u00e7\u00e3o de Jovens e Adultos (EJA). J\u00e1 na sexta-feira (31), o p\u00fablico poder\u00e1 visitar a exposi\u00e7\u00e3o de experimentos e conferir diversas apresenta\u00e7\u00f5es cient\u00edficas e culturais realizadas pelos alunos.<\/p>\n<p>&nbsp;<\/p>\n<p>&nbsp;<\/p>\n<p><!--more--><\/p>\n<p>Entre os projetos que ser\u00e3o apresentados est\u00e3o experimentos como Efeito Holograma, Hist\u00f3ria da Educa\u00e7\u00e3o At\u00f4mica, Mulheres na Ci\u00eancia, Canh\u00e3o de Plasma, Biodigestor, Hidroponia, Sab\u00e3o de \u00d3leo Reciclado, Fogo que n\u00e3o Queima, Ponte Autoportante, Foguete de Garrafa PET, Eletro\u00edm\u00e3 e Aut\u00f4mato. Tamb\u00e9m haver\u00e1 trabalhos da 3\u00aa s\u00e9rie do Ensino M\u00e9dio voltados para as \u00e1reas de Tecnologia e Sustentabilidade, como Carrinho movido a ar, Ponte Hidr\u00e1ulica, Torre de Han\u00f3i e Maquete E\u00f3lica.<\/p>\n<p>Elisabeth Guerra &#8211; Ascom SEC<\/p>\n","protected":false},"excerpt":{"rendered":"<p>O Col\u00e9gio Estadual Br\u00e1ulio Xavier, localizado no munic\u00edpio de Arataca, realiza, nesta quinta e sexta-feira (30 e 31), a oitava edi\u00e7\u00e3o da Feira de Ci\u00eancias, que, neste ano, traz como tema \u201cCi\u00eancia gera consci\u00eancia\u201d. O evento, que ser\u00e1 realizado no Espa\u00e7o da Feira Nova, reunir\u00e1 cerca de 330 estudantes apresentando experimentos e projetos desenvolvidos em [&hellip;]<\/p>\n","protected":false},"author":2,"featured_media":181460,"comment_status":"open","ping_status":"open","sticky":false,"template":"","format":"standard","meta":{"_links_to":"","_links_to_target":""},"categories":[33434],"tags":[928,41037,8035],"_links":{"self":[{"href":"https:\/\/www.blogdothame.blog.br\/v1\/wp-json\/wp\/v2\/posts\/181459"}],"collection":[{"href":"https:\/\/www.blogdothame.blog.br\/v1\/wp-json\/wp\/v2\/posts"}],"about":[{"href":"https:\/\/www.blogdothame.blog.br\/v1\/wp-json\/wp\/v2\/types\/post"}],"author":[{"embeddable":true,"href":"https:\/\/www.blogdothame.blog.br\/v1\/wp-json\/wp\/v2\/users\/2"}],"replies":[{"embeddable":true,"href":"https:\/\/www.blogdothame.blog.br\/v1\/wp-json\/wp\/v2\/comments?post=181459"}],"version-history":[{"count":1,"href":"https:\/\/www.blogdothame.blog.br\/v1\/wp-json\/wp\/v2\/posts\/181459\/revisions"}],"predecessor-version":[{"id":181462,"href":"https:\/\/www.blogdothame.blog.br\/v1\/wp-json\/wp\/v2\/posts\/181459\/revisions\/181462"}],"wp:featuredmedia":[{"embeddable":true,"href":"https:\/\/www.blogdothame.blog.br\/v1\/wp-json\/wp\/v2\/media\/181460"}],"wp:attachment":[{"href":"https:\/\/www.blogdothame.blog.br\/v1\/wp-json\/wp\/v2\/media?parent=181459"}],"wp:term":[{"taxonomy":"category","embeddable":true,"href":"https:\/\/www.blogdothame.blog.br\/v1\/wp-json\/wp\/v2\/categories?post=181459"},{"taxonomy":"post_tag","embeddable":true,"href":"https:\/\/www.blogdothame.blog.br\/v1\/wp-json\/wp\/v2\/tags?post=181459"}],"curies":[{"name":"wp","href":"https:\/\/api.w.org\/{rel}","templated":true}]}}