{"id":181330,"date":"2025-10-27T17:09:50","date_gmt":"2025-10-27T20:09:50","guid":{"rendered":"https:\/\/www.blogdothame.blog.br\/v1\/?p=181330"},"modified":"2025-10-27T17:09:50","modified_gmt":"2025-10-27T20:09:50","slug":"sebrae-participa-da-abertura-do-i-congresso-foco-no-municipalismo-da-amurc-em-itacare","status":"publish","type":"post","link":"https:\/\/www.blogdothame.blog.br\/v1\/2025\/10\/27\/sebrae-participa-da-abertura-do-i-congresso-foco-no-municipalismo-da-amurc-em-itacare\/","title":{"rendered":"Sebrae participa da abertura do I Congresso Foco no Municipalismo da AMURC em Itacar\u00e9"},"content":{"rendered":"<p><img loading=\"lazy\" class=\"aligncenter  wp-image-181331\" src=\"https:\/\/www.blogdothame.blog.br\/v1\/wp-content\/uploads\/2025\/10\/PHOTO-2025-10-27-17-02-01.jpg\" alt=\"\" width=\"382\" height=\"231\" srcset=\"https:\/\/www.blogdothame.blog.br\/v1\/wp-content\/uploads\/2025\/10\/PHOTO-2025-10-27-17-02-01.jpg 600w, https:\/\/www.blogdothame.blog.br\/v1\/wp-content\/uploads\/2025\/10\/PHOTO-2025-10-27-17-02-01-300x182.jpg 300w\" sizes=\"(max-width: 382px) 100vw, 382px\" \/>A abertura oficial do I Congresso Foco no Municipalismo, promovido pela Associa\u00e7\u00e3o dos Munic\u00edpios do Sul, Extremo Sul e Sudoeste Baiano (AMURC), aconteceu na manh\u00e3 de s\u00e1bado (25), no Hotel Resende Imperial, em Itacar\u00e9. O evento reuniu mais de 50 prefeitos, parlamentares, autoridades estaduais e federais e representantes de institui\u00e7\u00f5es parceiras como o Sebrae, que atua de forma estrat\u00e9gica no apoio \u00e0 gest\u00e3o p\u00fablica e ao desenvolvimento territorial sustent\u00e1vel.<\/p>\n<p><img loading=\"lazy\" class=\"alignleft  wp-image-181332\" src=\"https:\/\/www.blogdothame.blog.br\/v1\/wp-content\/uploads\/2025\/10\/PHOTO-2025-10-27-17-03-36.jpg\" alt=\"\" width=\"217\" height=\"326\" srcset=\"https:\/\/www.blogdothame.blog.br\/v1\/wp-content\/uploads\/2025\/10\/PHOTO-2025-10-27-17-03-36.jpg 366w, https:\/\/www.blogdothame.blog.br\/v1\/wp-content\/uploads\/2025\/10\/PHOTO-2025-10-27-17-03-36-200x300.jpg 200w\" sizes=\"(max-width: 217px) 100vw, 217px\" \/>Com o tema \u201cO Municipalismo como Ferramenta de Desenvolvimento Territorial\u201d, o congresso tem como objetivo promover o di\u00e1logo e a capacita\u00e7\u00e3o dos gestores municipais, estimulando a ado\u00e7\u00e3o de pr\u00e1ticas inovadoras e a integra\u00e7\u00e3o entre munic\u00edpios em prol do fortalecimento econ\u00f4mico e social do territ\u00f3rio.<\/p>\n<p>Presente ao evento, o governador Jer\u00f4nimo Rodrigues ressaltou a import\u00e2ncia do Sebrae como institui\u00e7\u00e3o parceira das gest\u00f5es municipais. \u201c\u00c9 fundamental fortalecer a intelig\u00eancia da gest\u00e3o p\u00fablica e valorizar iniciativas que aproximam o poder p\u00fablico da comunidade. Parabenizo o Sebrae e a AMURC por promoverem um espa\u00e7o de debate que estimula o planejamento, a inova\u00e7\u00e3o e a efici\u00eancia nas administra\u00e7\u00f5es municipais. O municipalismo \u00e9 a base da gest\u00e3o que realmente transforma a vida das pessoas\u201d, pontuou o governador.<\/p>\n<p><!--more--><\/p>\n<p>O coordenador de Pol\u00edticas P\u00fablicas do Sebrae Bahia, Maur\u00edcio Carvalho, destacou o papel do Sebrae como parceiro das prefeituras e agente impulsionador do desenvolvimento local. \u201cO Sebrae tem a miss\u00e3o de apoiar as pol\u00edticas p\u00fablicas municipais, contribuindo para a melhoria do ambiente de neg\u00f3cios e para o fortalecimento das micro e pequenas empresas. Estamos aqui para valorizar as boas pr\u00e1ticas que j\u00e1 est\u00e3o transformando as gest\u00f5es e inspirando novas iniciativas. Essa troca de experi\u00eancias fortalece os munic\u00edpios e amplia o impacto do empreendedorismo no territ\u00f3rio\u201d, afirmou.<\/p>\n<p>Para o presidente da AMURC e prefeito de Itaju do Col\u00f4nia, Elder Fontes, o evento representa a consolida\u00e7\u00e3o de uma nova mentalidade de gest\u00e3o p\u00fablica no territ\u00f3rio. \u201cA uni\u00e3o dos prefeitos tem nos tornado uma institui\u00e7\u00e3o forte e respeitada. O Sebrae \u00e9 um parceiro essencial nesse processo, orientando e trazendo conhecimento t\u00e9cnico para que os munic\u00edpios avancem com qualidade. Esse congresso mostra que s\u00f3 com a\u00e7\u00f5es coletivas conseguiremos impulsionar o desenvolvimento da nossa regi\u00e3o\u201d, destacou.<\/p>\n<p>O congresso encerrou no domingo (26) e contou com pain\u00e9is, palestras e mesas tem\u00e1ticas sobre educa\u00e7\u00e3o, infraestrutura, inova\u00e7\u00e3o, gest\u00e3o tribut\u00e1ria e pol\u00edticas p\u00fablicas voltadas ao fortalecimento dos pequenos neg\u00f3cios.<\/p>\n","protected":false},"excerpt":{"rendered":"<p>A abertura oficial do I Congresso Foco no Municipalismo, promovido pela Associa\u00e7\u00e3o dos Munic\u00edpios do Sul, Extremo Sul e Sudoeste Baiano (AMURC), aconteceu na manh\u00e3 de s\u00e1bado (25), no Hotel Resende Imperial, em Itacar\u00e9. O evento reuniu mais de 50 prefeitos, parlamentares, autoridades estaduais e federais e representantes de institui\u00e7\u00f5es parceiras como o Sebrae, que [&hellip;]<\/p>\n","protected":false},"author":2,"featured_media":181331,"comment_status":"open","ping_status":"open","sticky":false,"template":"","format":"standard","meta":{"_links_to":"","_links_to_target":""},"categories":[33434],"tags":[2330,2331,41006,991],"_links":{"self":[{"href":"https:\/\/www.blogdothame.blog.br\/v1\/wp-json\/wp\/v2\/posts\/181330"}],"collection":[{"href":"https:\/\/www.blogdothame.blog.br\/v1\/wp-json\/wp\/v2\/posts"}],"about":[{"href":"https:\/\/www.blogdothame.blog.br\/v1\/wp-json\/wp\/v2\/types\/post"}],"author":[{"embeddable":true,"href":"https:\/\/www.blogdothame.blog.br\/v1\/wp-json\/wp\/v2\/users\/2"}],"replies":[{"embeddable":true,"href":"https:\/\/www.blogdothame.blog.br\/v1\/wp-json\/wp\/v2\/comments?post=181330"}],"version-history":[{"count":1,"href":"https:\/\/www.blogdothame.blog.br\/v1\/wp-json\/wp\/v2\/posts\/181330\/revisions"}],"predecessor-version":[{"id":181333,"href":"https:\/\/www.blogdothame.blog.br\/v1\/wp-json\/wp\/v2\/posts\/181330\/revisions\/181333"}],"wp:featuredmedia":[{"embeddable":true,"href":"https:\/\/www.blogdothame.blog.br\/v1\/wp-json\/wp\/v2\/media\/181331"}],"wp:attachment":[{"href":"https:\/\/www.blogdothame.blog.br\/v1\/wp-json\/wp\/v2\/media?parent=181330"}],"wp:term":[{"taxonomy":"category","embeddable":true,"href":"https:\/\/www.blogdothame.blog.br\/v1\/wp-json\/wp\/v2\/categories?post=181330"},{"taxonomy":"post_tag","embeddable":true,"href":"https:\/\/www.blogdothame.blog.br\/v1\/wp-json\/wp\/v2\/tags?post=181330"}],"curies":[{"name":"wp","href":"https:\/\/api.w.org\/{rel}","templated":true}]}}