{"id":181296,"date":"2025-10-27T09:11:24","date_gmt":"2025-10-27T12:11:24","guid":{"rendered":"https:\/\/www.blogdothame.blog.br\/v1\/?p=181296"},"modified":"2025-10-27T09:11:33","modified_gmt":"2025-10-27T12:11:33","slug":"mudar-o-modelo-de-gestao-e-colocar-o-povo-no-centro-das-decisoes-e-civilizatorio","status":"publish","type":"post","link":"https:\/\/www.blogdothame.blog.br\/v1\/2025\/10\/27\/mudar-o-modelo-de-gestao-e-colocar-o-povo-no-centro-das-decisoes-e-civilizatorio\/","title":{"rendered":"Mudar o modelo de gest\u00e3o e colocar o povo no centro das decis\u00f5es \u00e9 civilizat\u00f3rio"},"content":{"rendered":"<p>&nbsp;<\/p>\n<p style=\"text-align: right;\"><strong><img loading=\"lazy\" class=\"aligncenter wp-image-181297\" src=\"https:\/\/www.blogdothame.blog.br\/v1\/wp-content\/uploads\/2025\/10\/PHOTO-2025-10-26-17-34-33.jpg\" alt=\"\" width=\"448\" height=\"248\" srcset=\"https:\/\/www.blogdothame.blog.br\/v1\/wp-content\/uploads\/2025\/10\/PHOTO-2025-10-26-17-34-33.jpg 600w, https:\/\/www.blogdothame.blog.br\/v1\/wp-content\/uploads\/2025\/10\/PHOTO-2025-10-26-17-34-33-300x166.jpg 300w\" sizes=\"(max-width: 448px) 100vw, 448px\" \/>Nego Elder<\/strong><\/p>\n<p>&nbsp;<\/p>\n<p>Entre os dias 13 a 18 de abril vivenciamos dias de muito aprendizado, em uma aula e intuitiva ministrada por um\u00a0 ser humano comum, bem intencionado e travestido de prefeito constitucional de Pau Brasil. Com o codinome carinhoso de \u201cliso\u201d na campanha pol\u00edtica Robson Ven\u00e2ncio do Nascimento de 59 anos, pai de Rebeca e Roberth, esposo de Jorlane Ramos sagrou-se prefeito de Pau Brasil no litoral sul Baiano, munic\u00edpio com pouco mais de 9 mil e poucos habitantes segundo o IBGE, dado contestado amplamente pelo prefeito.<\/p>\n<p><img loading=\"lazy\" class=\"aligncenter wp-image-181298\" src=\"https:\/\/www.blogdothame.blog.br\/v1\/wp-content\/uploads\/2025\/10\/PHOTO-2025-10-26-16-36-29.jpg\" alt=\"\" width=\"363\" height=\"174\" srcset=\"https:\/\/www.blogdothame.blog.br\/v1\/wp-content\/uploads\/2025\/10\/PHOTO-2025-10-26-16-36-29.jpg 600w, https:\/\/www.blogdothame.blog.br\/v1\/wp-content\/uploads\/2025\/10\/PHOTO-2025-10-26-16-36-29-300x144.jpg 300w\" sizes=\"(max-width: 363px) 100vw, 363px\" \/><\/p>\n<p>Robson decidiu \u00a0levar uma comitiva de vereadores, ex-vereadores, secret\u00e1rios, lideran\u00e7as, fato normal se n\u00e3o fosse a diversidade e territorialidade desta comitiva. O prefeito de Pau Brasil levou os \u00edndios para uma ocupa\u00e7\u00e3o, mas essa no campo institucional, infiltrada no sistema e contra hegem\u00f4nica.<\/p>\n<p>Num processo singular e civilizat\u00f3rio o mandat\u00e1rio \u201cmor\u201d do munic\u00edpio de Pau Brasil percorreu toda Esplanada dos Minist\u00e9rios com destaque para o pal\u00e1cio do planalto apresentando pautas e reivindicando direitos com nome pomposo de pol\u00edticas p\u00fablicas .<\/p>\n<p>&nbsp;<\/p>\n<p><img loading=\"lazy\" class=\"aligncenter wp-image-181299\" src=\"https:\/\/www.blogdothame.blog.br\/v1\/wp-content\/uploads\/2025\/10\/PHOTO-2025-10-26-16-36-30.jpg\" alt=\"\" width=\"452\" height=\"165\" srcset=\"https:\/\/www.blogdothame.blog.br\/v1\/wp-content\/uploads\/2025\/10\/PHOTO-2025-10-26-16-36-30.jpg 600w, https:\/\/www.blogdothame.blog.br\/v1\/wp-content\/uploads\/2025\/10\/PHOTO-2025-10-26-16-36-30-300x110.jpg 300w\" sizes=\"(max-width: 452px) 100vw, 452px\" \/><\/p>\n<p>A comitiva contou al\u00e9m do prefeito com \u00a0a nossa presen\u00e7a, na condi\u00e7\u00e3o de ex-vereador e ex- presidente de c\u00e2mara nego Elder, com o tamb\u00e9m ex-vereador e ex-presidente de c\u00e2mara Marcinho de Carl\u00e3o, com a secret\u00e1ria de Sa\u00fade de Pau Brasil Glaucia Almeida , com o secret\u00e1rio de Assuntos Ind\u00edgenas Almir Francisco, com o diretor financeiro da COOAP Gabriel Elder, com o coordenador de Sa\u00fade, Educa\u00e7\u00e3o, Cultura, Trabalho e A\u00e7\u00e3o Social, da secretaria de assuntos ind\u00edgenas Fabio Trajano, do Cacique Fl\u00e1vio Trajano do TI CARAMURU, do Cacique Tibiri\u00e7\u00e1 do TI BAHET\u00c1, do secret\u00e1rio de Assuntos Ind\u00edgenas do munic\u00edpio de Itaju do Col\u00f4nia Reginaldo Vieira, do diretor de inova\u00e7\u00e3o tecnol\u00f3gica Jo\u00e3o Victor , da diretora presidente do ECOBAHIA, do presidente da Associa\u00e7\u00e3o BAHET\u00c1 de Itaju do Col\u00f4nia Wagner Vieira e da pequena Maria Liz Almeida garota propaganda da campanha de Jer\u00f4nimo Rodrigues de Pau Brasil ao qual fizeram uma viagem que durou 20 horas saindo de Pau Brasil at\u00e9 Bras\u00edlia.<\/p>\n<p><!--more--><br \/>\nForam in\u00fameras visitas: gabinete do deputado Valmir Assun\u00e7\u00e3o, no FNDE com a assessora D\u00e9bora, na CONAB com o servidor de carreira Roberto, na FUNAI com o coordenador geral Victor e com a secretaria nacional de seguran\u00e7a alimentar conjuntamente, no MDA com Jo\u00e3o e Patr\u00edcia da secretaria nacional de povos e comunidades tradicionais que tamb\u00e9m cuida dos territ\u00f3rios, no MCTI com o secret\u00e1rio In\u00e1cio Arruda, no minist\u00e9rio sa\u00fade com agenda espec\u00edfica para a sa\u00fade ind\u00edgenas com Weibe Tapera da SESAI, no gabinete do Senador Jaques Wagner, do Senador \u00c2ngelo Coronel e di\u00e1logo sobre emenda parlamentar com Sirlene do gabinete da ex senadora, deputada federal e coordenadora da bancada parlamentar baiana L\u00eddice da Mata.<\/p>\n<p><img loading=\"lazy\" class=\"aligncenter wp-image-181300\" src=\"https:\/\/www.blogdothame.blog.br\/v1\/wp-content\/uploads\/2025\/10\/PHOTO-2025-10-26-16-36-30-1.jpg\" alt=\"\" width=\"373\" height=\"280\" srcset=\"https:\/\/www.blogdothame.blog.br\/v1\/wp-content\/uploads\/2025\/10\/PHOTO-2025-10-26-16-36-30-1.jpg 600w, https:\/\/www.blogdothame.blog.br\/v1\/wp-content\/uploads\/2025\/10\/PHOTO-2025-10-26-16-36-30-1-300x225.jpg 300w\" sizes=\"(max-width: 373px) 100vw, 373px\" \/><\/p>\n<p>\u201cDeus me levantou para cuidar das pessoas e se temos problemas comuns, somos co irm\u00e3s enquanto cidades\/municipios porque n\u00e3o nos irmanarmos em objetos comuns, fui nesta comitiva e irei em outras se for para ajudar nosso povo, principalmente os mais vulner\u00e1veis\u201d disse Robson.<\/p>\n<p><img loading=\"lazy\" class=\"aligncenter wp-image-181301\" src=\"https:\/\/www.blogdothame.blog.br\/v1\/wp-content\/uploads\/2025\/10\/PHOTO-2025-10-26-16-36-30-2.jpg\" alt=\"\" width=\"392\" height=\"185\" srcset=\"https:\/\/www.blogdothame.blog.br\/v1\/wp-content\/uploads\/2025\/10\/PHOTO-2025-10-26-16-36-30-2.jpg 600w, https:\/\/www.blogdothame.blog.br\/v1\/wp-content\/uploads\/2025\/10\/PHOTO-2025-10-26-16-36-30-2-300x142.jpg 300w\" sizes=\"(max-width: 392px) 100vw, 392px\" \/><\/p>\n<p>O munic\u00edpio de Pau brasil segundo nossas fontes ainda encontra resist\u00eancia em rela\u00e7\u00e3o aos povos ind\u00edgenas e o prefeito tem quebrado isso com a cria\u00e7\u00e3o da secretaria de assuntos ind\u00edgenas, do protagonismo das comunidades tradicionais nas decis\u00f5es de governo, em a\u00e7\u00f5es afirmativas de apoio a um outro modelo de gest\u00e3o que tem inclu\u00eddo o povo no or\u00e7amento e na pr\u00e1tica estrutura de governo.<\/p>\n<p>&nbsp;<\/p>\n","protected":false},"excerpt":{"rendered":"<p>&nbsp; Nego Elder &nbsp; Entre os dias 13 a 18 de abril vivenciamos dias de muito aprendizado, em uma aula e intuitiva ministrada por um\u00a0 ser humano comum, bem intencionado e travestido de prefeito constitucional de Pau Brasil. Com o codinome carinhoso de \u201cliso\u201d na campanha pol\u00edtica Robson Ven\u00e2ncio do Nascimento de 59 anos, pai [&hellip;]<\/p>\n","protected":false},"author":2,"featured_media":181297,"comment_status":"open","ping_status":"open","sticky":false,"template":"","format":"standard","meta":{"_links_to":"","_links_to_target":""},"categories":[33433],"tags":[77,29834,1442,35716],"_links":{"self":[{"href":"https:\/\/www.blogdothame.blog.br\/v1\/wp-json\/wp\/v2\/posts\/181296"}],"collection":[{"href":"https:\/\/www.blogdothame.blog.br\/v1\/wp-json\/wp\/v2\/posts"}],"about":[{"href":"https:\/\/www.blogdothame.blog.br\/v1\/wp-json\/wp\/v2\/types\/post"}],"author":[{"embeddable":true,"href":"https:\/\/www.blogdothame.blog.br\/v1\/wp-json\/wp\/v2\/users\/2"}],"replies":[{"embeddable":true,"href":"https:\/\/www.blogdothame.blog.br\/v1\/wp-json\/wp\/v2\/comments?post=181296"}],"version-history":[{"count":1,"href":"https:\/\/www.blogdothame.blog.br\/v1\/wp-json\/wp\/v2\/posts\/181296\/revisions"}],"predecessor-version":[{"id":181302,"href":"https:\/\/www.blogdothame.blog.br\/v1\/wp-json\/wp\/v2\/posts\/181296\/revisions\/181302"}],"wp:featuredmedia":[{"embeddable":true,"href":"https:\/\/www.blogdothame.blog.br\/v1\/wp-json\/wp\/v2\/media\/181297"}],"wp:attachment":[{"href":"https:\/\/www.blogdothame.blog.br\/v1\/wp-json\/wp\/v2\/media?parent=181296"}],"wp:term":[{"taxonomy":"category","embeddable":true,"href":"https:\/\/www.blogdothame.blog.br\/v1\/wp-json\/wp\/v2\/categories?post=181296"},{"taxonomy":"post_tag","embeddable":true,"href":"https:\/\/www.blogdothame.blog.br\/v1\/wp-json\/wp\/v2\/tags?post=181296"}],"curies":[{"name":"wp","href":"https:\/\/api.w.org\/{rel}","templated":true}]}}