{"id":181251,"date":"2025-10-25T13:40:15","date_gmt":"2025-10-25T16:40:15","guid":{"rendered":"https:\/\/www.blogdothame.blog.br\/v1\/?p=181251"},"modified":"2025-10-25T08:26:42","modified_gmt":"2025-10-25T11:26:42","slug":"bamin-destaca-inovacao-sustentabilidade-e-baianidade-na-exposibram-2025","status":"publish","type":"post","link":"https:\/\/www.blogdothame.blog.br\/v1\/2025\/10\/25\/bamin-destaca-inovacao-sustentabilidade-e-baianidade-na-exposibram-2025\/","title":{"rendered":"BAMIN destaca inova\u00e7\u00e3o, sustentabilidade e baianidade na EXPOSIBRAM 2025"},"content":{"rendered":"<p><img loading=\"lazy\" class=\"aligncenter wp-image-181252\" src=\"https:\/\/www.blogdothame.blog.br\/v1\/wp-content\/uploads\/2025\/10\/image.jpeg\" alt=\"\" width=\"399\" height=\"266\" srcset=\"https:\/\/www.blogdothame.blog.br\/v1\/wp-content\/uploads\/2025\/10\/image.jpeg 512w, https:\/\/www.blogdothame.blog.br\/v1\/wp-content\/uploads\/2025\/10\/image-300x200.jpeg 300w\" sizes=\"(max-width: 399px) 100vw, 399px\" \/>A BAMIN vai marcar presen\u00e7a na Expo &amp; Congresso Brasileiro de Minera\u00e7\u00e3o (EXPOSIBRAM), maior evento de minera\u00e7\u00e3o da Am\u00e9rica Latina, realizado de segunda (27) a quinta-feira (30), no Centro de Conven\u00e7\u00f5es, em Salvador. Na ocasi\u00e3o, a empresa estar\u00e1 com estande e presen\u00e7a em tr\u00eas pain\u00e9is.<\/p>\n<p>Na abertura, \u00e0s 18h05, o CEO da BAMIN, Eduardo Ledsham, participa do talk show \u201cA Nova Fronteira Mineral do Nordeste do Brasil\u201d, mediado por Patr\u00edcia Proc\u00f3pio, presidente do WIMBrasil. O encontro, com participa\u00e7\u00e3o de outros executivos do segmento, vai abordar as oportunidades emergentes do setor mineral, o papel da minera\u00e7\u00e3o respons\u00e1vel, os investimentos em tecnologia e digitaliza\u00e7\u00e3o, al\u00e9m de discutir como as pr\u00e1ticas ESG v\u00eam se consolidando como diferencial competitivo e vetor de transforma\u00e7\u00e3o social e ambiental.<\/p>\n<p>Na ter\u00e7a (28), \u00e0s 15h45, o diretor T\u00e9cnico, de Estrat\u00e9gia e Planejamento Integrado, Lucas Ara\u00fajo, ser\u00e1 um dos palestrantes do painel \u201cOferta de Energia para Minera\u00e7\u00e3o e Efici\u00eancia Energ\u00e9tica\u201d, com modera\u00e7\u00e3o de S\u00e9rgio Fernandes Saraiva, diretor de Minera\u00e7\u00e3o na Largo Van\u00e1dio. O debate vai tratar dos avan\u00e7os e desafios na gera\u00e7\u00e3o e oferta de energia para o setor, considerando a crescente demanda e a realidade operacional das mineradoras, especialmente em regi\u00f5es remotas e de dif\u00edcil acesso.<\/p>\n<p><!--more--><\/p>\n<p>J\u00e1 na quarta (29), \u00e0s 9h, a gerente de Comunica\u00e7\u00e3o Corporativa, Sandra Barroca, participa do painel \u201cReputa\u00e7\u00e3o em tempos cr\u00edticos e Inova\u00e7\u00e3o na Comunica\u00e7\u00e3o\u201d, organizado pelo Cap\u00edtulo Bahia da Associa\u00e7\u00e3o Brasileira de Comunica\u00e7\u00e3o Empresarial (Aberje). O encontro vai reunir profissionais da \u00e1rea de Comunica\u00e7\u00e3o e pesquisadores para compartilhar experi\u00eancias e reflex\u00f5es sobre o papel estrat\u00e9gico da comunica\u00e7\u00e3o corporativa e sua contribui\u00e7\u00e3o para a constru\u00e7\u00e3o de rela\u00e7\u00f5es de confian\u00e7a e valor.<\/p>\n<p>Orgulho de ser baiana<\/p>\n<p>Com o tema \u201cO cora\u00e7\u00e3o da Bahia bate aqui\u201d, o estande da BAMIN, localizado no Pavilh\u00e3o B, ser\u00e1 um convite \u00e0 imers\u00e3o na ess\u00eancia baiana da empresa. O espa\u00e7o vai destacar os pilares que norteiam a atua\u00e7\u00e3o da BAMIN \u2014 excel\u00eancia, sustentabilidade e respeito ao territ\u00f3rio \u2014 e apresentar o legado transformador do Projeto Integrado Pedra de Ferro, que conecta Caetit\u00e9 e Ilh\u00e9us por meio da Mina Pedra de Ferro, do Porto Sul e do trecho 1 da Ferrovia de Integra\u00e7\u00e3o Oeste-Leste (FIOL 1), atravessando 19 munic\u00edpios do interior da Bahia.<\/p>\n<p>Mais do que infraestrutura, o estande vai contar hist\u00f3rias de pessoas, mostrando como a presen\u00e7a da BAMIN tem impulsionado o desenvolvimento local por meio de projetos socioambientais, culturais e econ\u00f4micos. Ser\u00e3o compartilhadas narrativas reais, que traduzem o compromisso da empresa com a inova\u00e7\u00e3o e com um desenvolvimento que respeita e valoriza o territ\u00f3rio baiano. \u201cQueremos mostrar o que nasce do compromisso da BAMIN com um legado sustent\u00e1vel, resultado dos nossos investimentos em pessoas, tecnologia e no futuro da Bahia. \u00c9 uma hist\u00f3ria feita de transforma\u00e7\u00e3o, respeito e orgulho de ser baiana\u201d, afirmar a gerente de Comunica\u00e7\u00e3o Corporativa, Sandra Barroca.<\/p>\n<p>&nbsp;<\/p>\n<p>Sobre a BAMIN<\/p>\n<p>A BAMIN faz parte do Eurasian Resources Group (ERG), grupo com atua\u00e7\u00e3o global no setor de recursos naturais, presente em 15 pa\u00edses. A empresa \u00e9 respons\u00e1vel por projetos de minera\u00e7\u00e3o e log\u00edstica na Bahia, como a Mina Pedra de Ferro, em Caetit\u00e9; o Porto Sul, em Ilh\u00e9us; e o trecho 1 da Ferrovia de Integra\u00e7\u00e3o Oeste-Leste (FIOL 1), que ligar\u00e1 as duas cidades.<\/p>\n","protected":false},"excerpt":{"rendered":"<p>A BAMIN vai marcar presen\u00e7a na Expo &amp; Congresso Brasileiro de Minera\u00e7\u00e3o (EXPOSIBRAM), maior evento de minera\u00e7\u00e3o da Am\u00e9rica Latina, realizado de segunda (27) a quinta-feira (30), no Centro de Conven\u00e7\u00f5es, em Salvador. Na ocasi\u00e3o, a empresa estar\u00e1 com estande e presen\u00e7a em tr\u00eas pain\u00e9is. Na abertura, \u00e0s 18h05, o CEO da BAMIN, Eduardo Ledsham, [&hellip;]<\/p>\n","protected":false},"author":2,"featured_media":181252,"comment_status":"open","ping_status":"open","sticky":false,"template":"","format":"standard","meta":{"_links_to":"","_links_to_target":""},"categories":[1],"tags":[454,40991,165],"_links":{"self":[{"href":"https:\/\/www.blogdothame.blog.br\/v1\/wp-json\/wp\/v2\/posts\/181251"}],"collection":[{"href":"https:\/\/www.blogdothame.blog.br\/v1\/wp-json\/wp\/v2\/posts"}],"about":[{"href":"https:\/\/www.blogdothame.blog.br\/v1\/wp-json\/wp\/v2\/types\/post"}],"author":[{"embeddable":true,"href":"https:\/\/www.blogdothame.blog.br\/v1\/wp-json\/wp\/v2\/users\/2"}],"replies":[{"embeddable":true,"href":"https:\/\/www.blogdothame.blog.br\/v1\/wp-json\/wp\/v2\/comments?post=181251"}],"version-history":[{"count":1,"href":"https:\/\/www.blogdothame.blog.br\/v1\/wp-json\/wp\/v2\/posts\/181251\/revisions"}],"predecessor-version":[{"id":181253,"href":"https:\/\/www.blogdothame.blog.br\/v1\/wp-json\/wp\/v2\/posts\/181251\/revisions\/181253"}],"wp:featuredmedia":[{"embeddable":true,"href":"https:\/\/www.blogdothame.blog.br\/v1\/wp-json\/wp\/v2\/media\/181252"}],"wp:attachment":[{"href":"https:\/\/www.blogdothame.blog.br\/v1\/wp-json\/wp\/v2\/media?parent=181251"}],"wp:term":[{"taxonomy":"category","embeddable":true,"href":"https:\/\/www.blogdothame.blog.br\/v1\/wp-json\/wp\/v2\/categories?post=181251"},{"taxonomy":"post_tag","embeddable":true,"href":"https:\/\/www.blogdothame.blog.br\/v1\/wp-json\/wp\/v2\/tags?post=181251"}],"curies":[{"name":"wp","href":"https:\/\/api.w.org\/{rel}","templated":true}]}}