{"id":181227,"date":"2025-10-24T07:33:23","date_gmt":"2025-10-24T10:33:23","guid":{"rendered":"https:\/\/www.blogdothame.blog.br\/v1\/?p=181227"},"modified":"2025-10-23T15:55:07","modified_gmt":"2025-10-23T18:55:07","slug":"uesc-implantara-mestrado-profissional-em-administracao-publica-voltado-para-servidores","status":"publish","type":"post","link":"https:\/\/www.blogdothame.blog.br\/v1\/2025\/10\/24\/uesc-implantara-mestrado-profissional-em-administracao-publica-voltado-para-servidores\/","title":{"rendered":"Uesc implantar\u00e1 Mestrado Profissional em Administra\u00e7\u00e3o P\u00fablica voltado para servidores"},"content":{"rendered":"<p><img loading=\"lazy\" class=\"aligncenter  wp-image-181228\" src=\"https:\/\/www.blogdothame.blog.br\/v1\/wp-content\/uploads\/2025\/10\/uesc-jpg.jpg\" alt=\"\" width=\"420\" height=\"210\" srcset=\"https:\/\/www.blogdothame.blog.br\/v1\/wp-content\/uploads\/2025\/10\/uesc-jpg.jpg 600w, https:\/\/www.blogdothame.blog.br\/v1\/wp-content\/uploads\/2025\/10\/uesc-jpg-300x150.jpg 300w\" sizes=\"(max-width: 420px) 100vw, 420px\" \/>A Universidade Estadual de Santa Cruz (Uesc) implantar\u00e1 o Mestrado Profissional em Administra\u00e7\u00e3o P\u00fablica (PROFIAP\/UFS), em parceria com a Universidade Federal de Sergipe (UFS). A proposta foi aprovada por unanimidade durante a 175\u00aa Reuni\u00e3o Ordin\u00e1ria do Conselho Superior de Ensino, Pesquisa e Extens\u00e3o (Consepe).<\/p>\n<p>De acordo com o parecer da professora doutora Fernanda Gaiotto, pr\u00f3-reitora de Pesquisa e P\u00f3s-Gradua\u00e7\u00e3o, o PROFIAP, ofertado em rede nacional, tem como objetivo capacitar servidores e profissionais da administra\u00e7\u00e3o p\u00fablica para promover aprimoramentos organizacionais com foco na efici\u00eancia, transpar\u00eancia e inova\u00e7\u00e3o. \u201cA proposta, que prev\u00ea a reserva de 25 vagas para servidores da Uesc, representa uma oportunidade \u00edmpar de qualifica\u00e7\u00e3o de alto n\u00edvel, diretamente alinhada \u00e0s necessidades de aprimoramento da gest\u00e3o universit\u00e1ria e \u00e0 valoriza\u00e7\u00e3o da carreira acad\u00eamica e cient\u00edfica de nosso corpo t\u00e9cnico-administrativo e docente\u201d, destacou.<\/p>\n<p>O reitor da Uesc, professor Alessandro Fernandes, ressaltou a relev\u00e2ncia estrat\u00e9gica do novo curso. \u201cO Mestrado, de natureza profissional, tem como escopo principal a forma\u00e7\u00e3o de gestores p\u00fablicos capazes de promover aprimoramentos organizacionais, privilegiando, tamb\u00e9m, os servidores t\u00e9cnicos administrativos e analistas da nossa Uesc. Os mestrandos desenvolver\u00e3o trabalhos e produtos t\u00e9cnicos voltados a oferecer solu\u00e7\u00f5es concretas e subsidiar a tomada de decis\u00f5es diante de situa\u00e7\u00f5es reais enfrentadas pelas institui\u00e7\u00f5es p\u00fablicas\u201d, afirmou.<\/p>\n<p><!--more--><\/p>\n<p>Na mesma linha, o vice-reitor professor Maur\u00edcio Moreau enfatizou o impacto positivo do programa para o desenvolvimento institucional. \u201cO curso destina-se \u00e0 qualifica\u00e7\u00e3o dos nossos servidores e demais profissionais atuantes na administra\u00e7\u00e3o p\u00fablica, reunindo condi\u00e7\u00f5es t\u00e9cnico-cient\u00edficas para promover melhorias organizacionais e gerenciais. A estrutura curricular, voltada \u00e0 gest\u00e3o p\u00fablica contempor\u00e2nea, estimula o desenvolvimento de compet\u00eancias alinhadas \u00e0s linhas de pesquisa da Rede PROFIAP, centradas em Desenvolvimento e Pol\u00edticas P\u00fablicas e em Organiza\u00e7\u00f5es, Gest\u00e3o e Inova\u00e7\u00e3o\u201d, observou.<\/p>\n<p>O diretor do Departamento de Ci\u00eancias Administrativas e Cont\u00e1beis (DCAC), professor Iracildo Silva Santos, acrescentou que a expectativa \u00e9 que o egresso seja capaz de propor solu\u00e7\u00f5es pr\u00e1ticas para os desafios da administra\u00e7\u00e3o p\u00fablica, contribuindo para a excel\u00eancia dos servi\u00e7os prestados \u00e0 sociedade.<\/p>\n<p>Com a nova iniciativa, a Uesc reafirma seu compromisso com a forma\u00e7\u00e3o continuada de seus servidores e com o fortalecimento da gest\u00e3o p\u00fablica baseada em conhecimento, inova\u00e7\u00e3o e efici\u00eancia.<\/p>\n","protected":false},"excerpt":{"rendered":"<p>A Universidade Estadual de Santa Cruz (Uesc) implantar\u00e1 o Mestrado Profissional em Administra\u00e7\u00e3o P\u00fablica (PROFIAP\/UFS), em parceria com a Universidade Federal de Sergipe (UFS). A proposta foi aprovada por unanimidade durante a 175\u00aa Reuni\u00e3o Ordin\u00e1ria do Conselho Superior de Ensino, Pesquisa e Extens\u00e3o (Consepe). De acordo com o parecer da professora doutora Fernanda Gaiotto, pr\u00f3-reitora [&hellip;]<\/p>\n","protected":false},"author":2,"featured_media":181228,"comment_status":"open","ping_status":"open","sticky":false,"template":"","format":"standard","meta":{"_links_to":"","_links_to_target":""},"categories":[33435],"tags":[40985,3371],"_links":{"self":[{"href":"https:\/\/www.blogdothame.blog.br\/v1\/wp-json\/wp\/v2\/posts\/181227"}],"collection":[{"href":"https:\/\/www.blogdothame.blog.br\/v1\/wp-json\/wp\/v2\/posts"}],"about":[{"href":"https:\/\/www.blogdothame.blog.br\/v1\/wp-json\/wp\/v2\/types\/post"}],"author":[{"embeddable":true,"href":"https:\/\/www.blogdothame.blog.br\/v1\/wp-json\/wp\/v2\/users\/2"}],"replies":[{"embeddable":true,"href":"https:\/\/www.blogdothame.blog.br\/v1\/wp-json\/wp\/v2\/comments?post=181227"}],"version-history":[{"count":1,"href":"https:\/\/www.blogdothame.blog.br\/v1\/wp-json\/wp\/v2\/posts\/181227\/revisions"}],"predecessor-version":[{"id":181229,"href":"https:\/\/www.blogdothame.blog.br\/v1\/wp-json\/wp\/v2\/posts\/181227\/revisions\/181229"}],"wp:featuredmedia":[{"embeddable":true,"href":"https:\/\/www.blogdothame.blog.br\/v1\/wp-json\/wp\/v2\/media\/181228"}],"wp:attachment":[{"href":"https:\/\/www.blogdothame.blog.br\/v1\/wp-json\/wp\/v2\/media?parent=181227"}],"wp:term":[{"taxonomy":"category","embeddable":true,"href":"https:\/\/www.blogdothame.blog.br\/v1\/wp-json\/wp\/v2\/categories?post=181227"},{"taxonomy":"post_tag","embeddable":true,"href":"https:\/\/www.blogdothame.blog.br\/v1\/wp-json\/wp\/v2\/tags?post=181227"}],"curies":[{"name":"wp","href":"https:\/\/api.w.org\/{rel}","templated":true}]}}