{"id":181123,"date":"2025-10-21T09:01:52","date_gmt":"2025-10-21T12:01:52","guid":{"rendered":"https:\/\/www.blogdothame.blog.br\/v1\/?p=181123"},"modified":"2025-10-21T09:01:52","modified_gmt":"2025-10-21T12:01:52","slug":"governo-do-estado-antecipa-pagamento-e-feriado-pelas-comemoracoes-do-dia-do-servidor","status":"publish","type":"post","link":"https:\/\/www.blogdothame.blog.br\/v1\/2025\/10\/21\/governo-do-estado-antecipa-pagamento-e-feriado-pelas-comemoracoes-do-dia-do-servidor\/","title":{"rendered":"Governo do Estado antecipa pagamento e feriado pelas comemora\u00e7\u00f5es do Dia do Servidor"},"content":{"rendered":"<p><img loading=\"lazy\" class=\"alignleft size-medium wp-image-171280\" src=\"https:\/\/www.blogdothame.blog.br\/v1\/wp-content\/uploads\/2025\/01\/Estado-convoca-642-profissionais-300x200.jpeg\" alt=\"\" width=\"300\" height=\"200\" srcset=\"https:\/\/www.blogdothame.blog.br\/v1\/wp-content\/uploads\/2025\/01\/Estado-convoca-642-profissionais-300x200.jpeg 300w, https:\/\/www.blogdothame.blog.br\/v1\/wp-content\/uploads\/2025\/01\/Estado-convoca-642-profissionais.jpeg 600w\" sizes=\"(max-width: 300px) 100vw, 300px\" \/>Na esteira das comemora\u00e7\u00f5es pelo Dia do Servidor, o governo baiano est\u00e1 divulgando uma s\u00e9rie de medidas em prol do funcionalismo p\u00fablico. Neste m\u00eas, os mais de 270 mil servidores ativos, inativos e pensionistas do Estado receber\u00e3o seus sal\u00e1rios de forma antecipada, no dia 27 de outubro, em cota \u00fanica.<\/p>\n<p>No caso dos trabalhadores que recebem a remunera\u00e7\u00e3o por meio de conta corrente do Banco do Brasil, as quantias estar\u00e3o dispon\u00edveis j\u00e1 a partir do s\u00e1bado (25). Pela tabela de pagamentos oficial, os recursos seriam liberados originalmente apenas no dia 30 de outubro, para inativos e pensionistas, e no dia 31, para servidores ativos.<\/p>\n<p>Em paralelo, o feriado pela passagem do Dia do Servidor P\u00fablico Estadual \u2013 comemorado oficialmente no dia 28 de outubro \u2013 ser\u00e1 antecipado para o pr\u00f3ximo dia 27, uma segunda-feira.<\/p>\n<p>Pr\u00eamio Boas Pr\u00e1ticas<\/p>\n<p><!--more--><\/p>\n<p>Com a altera\u00e7\u00e3o no calend\u00e1rio, a cerim\u00f4nia de encerramento do Pr\u00eamio Boas Pr\u00e1ticas de Trabalho no Servi\u00e7o P\u00fablico \u2013 inicialmente programada para o dia 23 \u2013 ir\u00e1 ocorrer no dia 28 de outubro.<\/p>\n<p>Em sua 2\u00aa edi\u00e7\u00e3o, o concurso promovido pelo governo estadual vai distribuir este ano R$ 115 mil em pr\u00eamios, divididos entre os dez primeiros colocados. O objetivo da iniciativa \u00e9 reconhecer projetos ou a\u00e7\u00f5es desenvolvidos por servidores que promovam a melhoria do servi\u00e7o p\u00fablico, a produtividade, a efici\u00eancia, a economicidade e um ambiente de trabalho decente (conceito da Organiza\u00e7\u00e3o Internacional do Trabalho &#8211; OIT).<\/p>\n","protected":false},"excerpt":{"rendered":"<p>Na esteira das comemora\u00e7\u00f5es pelo Dia do Servidor, o governo baiano est\u00e1 divulgando uma s\u00e9rie de medidas em prol do funcionalismo p\u00fablico. Neste m\u00eas, os mais de 270 mil servidores ativos, inativos e pensionistas do Estado receber\u00e3o seus sal\u00e1rios de forma antecipada, no dia 27 de outubro, em cota \u00fanica. No caso dos trabalhadores que [&hellip;]<\/p>\n","protected":false},"author":2,"featured_media":171280,"comment_status":"open","ping_status":"open","sticky":false,"template":"","format":"standard","meta":{"_links_to":"","_links_to_target":""},"categories":[33433],"tags":[10582,16,14708],"_links":{"self":[{"href":"https:\/\/www.blogdothame.blog.br\/v1\/wp-json\/wp\/v2\/posts\/181123"}],"collection":[{"href":"https:\/\/www.blogdothame.blog.br\/v1\/wp-json\/wp\/v2\/posts"}],"about":[{"href":"https:\/\/www.blogdothame.blog.br\/v1\/wp-json\/wp\/v2\/types\/post"}],"author":[{"embeddable":true,"href":"https:\/\/www.blogdothame.blog.br\/v1\/wp-json\/wp\/v2\/users\/2"}],"replies":[{"embeddable":true,"href":"https:\/\/www.blogdothame.blog.br\/v1\/wp-json\/wp\/v2\/comments?post=181123"}],"version-history":[{"count":1,"href":"https:\/\/www.blogdothame.blog.br\/v1\/wp-json\/wp\/v2\/posts\/181123\/revisions"}],"predecessor-version":[{"id":181124,"href":"https:\/\/www.blogdothame.blog.br\/v1\/wp-json\/wp\/v2\/posts\/181123\/revisions\/181124"}],"wp:featuredmedia":[{"embeddable":true,"href":"https:\/\/www.blogdothame.blog.br\/v1\/wp-json\/wp\/v2\/media\/171280"}],"wp:attachment":[{"href":"https:\/\/www.blogdothame.blog.br\/v1\/wp-json\/wp\/v2\/media?parent=181123"}],"wp:term":[{"taxonomy":"category","embeddable":true,"href":"https:\/\/www.blogdothame.blog.br\/v1\/wp-json\/wp\/v2\/categories?post=181123"},{"taxonomy":"post_tag","embeddable":true,"href":"https:\/\/www.blogdothame.blog.br\/v1\/wp-json\/wp\/v2\/tags?post=181123"}],"curies":[{"name":"wp","href":"https:\/\/api.w.org\/{rel}","templated":true}]}}