{"id":180990,"date":"2025-10-16T10:30:31","date_gmt":"2025-10-16T13:30:31","guid":{"rendered":"https:\/\/www.blogdothame.blog.br\/v1\/?p=180990"},"modified":"2025-10-16T10:20:12","modified_gmt":"2025-10-16T13:20:12","slug":"pt-bahia-da-inicio-a-rodada-de-encontros-setoriais","status":"publish","type":"post","link":"https:\/\/www.blogdothame.blog.br\/v1\/2025\/10\/16\/pt-bahia-da-inicio-a-rodada-de-encontros-setoriais\/","title":{"rendered":"PT Bahia d\u00e1 in\u00edcio a rodada de encontros setoriais"},"content":{"rendered":"<p><img loading=\"lazy\" class=\"alignleft wp-image-180991\" src=\"https:\/\/www.blogdothame.blog.br\/v1\/wp-content\/uploads\/2025\/10\/pt.jpg\" alt=\"\" width=\"353\" height=\"235\" \/>O Diret\u00f3rio Estadual do\u00a0PT Bahia\u00a0d\u00e1 in\u00edcio, nesta quinta-feira (16), \u00e0 programa\u00e7\u00e3o de encontros setoriais, promovendo debates virtuais entre a milit\u00e2ncia para conectar as bases, fortalecer as lutas e alinhar as estrat\u00e9gias do partido em diversas \u00e1reas tem\u00e1ticas.<\/p>\n<p>O calend\u00e1rio come\u00e7a na quinta (16), a partir das 9h, com o setorial de Assuntos Ind\u00edgenas, e segue sexta (17) com Energia e Recursos Minerais, Transportes, Ci\u00eancia &amp; Tecnologia e Seguran\u00e7a Alimentar. No s\u00e1bado (18), ser\u00e1 a vez dos setoriais Comunit\u00e1rio, Economia Solid\u00e1ria, Educa\u00e7\u00e3o, Pessoa Idosa, Seguran\u00e7a P\u00fablica e Inter-Religioso.<\/p>\n<p>No domingo (19), o partido re\u00fane os setoriais de Sa\u00fade, Direitos Humanos, Direitos Animais, Esporte e Lazer, Pessoas com Defici\u00eancia, Moradia e Reforma Urbana, e Assist\u00eancia Social, encerrando a programa\u00e7\u00e3o.<\/p>\n<p><!--more--><br \/>\n\u201cOs Encontros Setoriais do PT s\u00e3o fundamentais para fortalecer nossas lutas, conectar as bases e disputar os rumos do partido nas mais diversas frentes &#8211; juventude, mulheres, combate ao racismo, meio ambiente, cultura, sindical, LGBT, entre outras. Se \u00e9 por transforma\u00e7\u00e3o que a gente luta, \u00e9 nos setoriais que essa caminhada come\u00e7a, feita a partir da escuta, da disputa e da constru\u00e7\u00e3o coletiva\u201d,\u00a0destaca o presidente estadual do PT Bahia, T\u00e1ssio Brito.<\/p>\n<p>Thiago de Souza, secret\u00e1rio de Movimentos Populares do PT Bahia, explica que os Encontros Setoriais, que acontecem tamb\u00e9m a n\u00edvel nacional, servem para eleger secret\u00e1rios e integrantes dos Coletivos Setoriais, al\u00e9m de definir os delegados que participar\u00e3o do Encontro Nacional.<\/p>\n<p>\u201cOs setoriais do PT s\u00e3o espa\u00e7os de constru\u00e7\u00e3o coletiva para a elabora\u00e7\u00e3o de propostas, articula\u00e7\u00e3o pol\u00edtica e formula\u00e7\u00e3o de pol\u00edticas p\u00fablicas em di\u00e1logo com os movimentos sociais e a sociedade civil\u201d, complementa.<\/p>\n<p>Os filiados, filiadas e militantes interessados em participar devem se inscrever na\u00a0\u00c1rea PT, dispon\u00edvel no site:\u00a0pt.org.br.<\/p>\n<p>Cr\u00e9dito da foto: PT Bahia<\/p>\n","protected":false},"excerpt":{"rendered":"<p>O Diret\u00f3rio Estadual do\u00a0PT Bahia\u00a0d\u00e1 in\u00edcio, nesta quinta-feira (16), \u00e0 programa\u00e7\u00e3o de encontros setoriais, promovendo debates virtuais entre a milit\u00e2ncia para conectar as bases, fortalecer as lutas e alinhar as estrat\u00e9gias do partido em diversas \u00e1reas tem\u00e1ticas. O calend\u00e1rio come\u00e7a na quinta (16), a partir das 9h, com o setorial de Assuntos Ind\u00edgenas, e segue [&hellip;]<\/p>\n","protected":false},"author":2,"featured_media":180991,"comment_status":"open","ping_status":"open","sticky":false,"template":"","format":"standard","meta":{"_links_to":"","_links_to_target":""},"categories":[33435],"tags":[40925,40926],"_links":{"self":[{"href":"https:\/\/www.blogdothame.blog.br\/v1\/wp-json\/wp\/v2\/posts\/180990"}],"collection":[{"href":"https:\/\/www.blogdothame.blog.br\/v1\/wp-json\/wp\/v2\/posts"}],"about":[{"href":"https:\/\/www.blogdothame.blog.br\/v1\/wp-json\/wp\/v2\/types\/post"}],"author":[{"embeddable":true,"href":"https:\/\/www.blogdothame.blog.br\/v1\/wp-json\/wp\/v2\/users\/2"}],"replies":[{"embeddable":true,"href":"https:\/\/www.blogdothame.blog.br\/v1\/wp-json\/wp\/v2\/comments?post=180990"}],"version-history":[{"count":1,"href":"https:\/\/www.blogdothame.blog.br\/v1\/wp-json\/wp\/v2\/posts\/180990\/revisions"}],"predecessor-version":[{"id":180992,"href":"https:\/\/www.blogdothame.blog.br\/v1\/wp-json\/wp\/v2\/posts\/180990\/revisions\/180992"}],"wp:featuredmedia":[{"embeddable":true,"href":"https:\/\/www.blogdothame.blog.br\/v1\/wp-json\/wp\/v2\/media\/180991"}],"wp:attachment":[{"href":"https:\/\/www.blogdothame.blog.br\/v1\/wp-json\/wp\/v2\/media?parent=180990"}],"wp:term":[{"taxonomy":"category","embeddable":true,"href":"https:\/\/www.blogdothame.blog.br\/v1\/wp-json\/wp\/v2\/categories?post=180990"},{"taxonomy":"post_tag","embeddable":true,"href":"https:\/\/www.blogdothame.blog.br\/v1\/wp-json\/wp\/v2\/tags?post=180990"}],"curies":[{"name":"wp","href":"https:\/\/api.w.org\/{rel}","templated":true}]}}