{"id":180984,"date":"2025-10-15T18:21:31","date_gmt":"2025-10-15T21:21:31","guid":{"rendered":"https:\/\/www.blogdothame.blog.br\/v1\/?p=180984"},"modified":"2025-10-15T15:30:01","modified_gmt":"2025-10-15T18:30:01","slug":"mutirao-do-diabetes-e-apresentado-na-camara-de-vereadores-de-itabuna","status":"publish","type":"post","link":"https:\/\/www.blogdothame.blog.br\/v1\/2025\/10\/15\/mutirao-do-diabetes-e-apresentado-na-camara-de-vereadores-de-itabuna\/","title":{"rendered":"Mutir\u00e3o do Diabetes \u00e9 apresentado na C\u00e2mara de Vereadores de Itabuna"},"content":{"rendered":"<p><img loading=\"lazy\" class=\"aligncenter  wp-image-180985\" src=\"https:\/\/www.blogdothame.blog.br\/v1\/wp-content\/uploads\/2025\/10\/PHOTO-2025-10-15-15-16-05-1.jpg\" alt=\"\" width=\"494\" height=\"229\" srcset=\"https:\/\/www.blogdothame.blog.br\/v1\/wp-content\/uploads\/2025\/10\/PHOTO-2025-10-15-15-16-05-1.jpg 600w, https:\/\/www.blogdothame.blog.br\/v1\/wp-content\/uploads\/2025\/10\/PHOTO-2025-10-15-15-16-05-1-300x139.jpg 300w\" sizes=\"(max-width: 494px) 100vw, 494px\" \/>O m\u00e9dico oftalmologista e idealizador do Mutir\u00e3o do Diabetes de Itabuna, Dr. Rafael Andrade, participou na \u00faltima ter\u00e7a-feira (14) da sess\u00e3o da C\u00e2mara de Vereadores de Itabuna, onde apresentou o projeto que h\u00e1 21 anos transforma a vida de milhares de pessoas com a\u00e7\u00f5es de preven\u00e7\u00e3o, diagn\u00f3stico e tratamento do diabetes. O encontro teve como objetivo refor\u00e7ar a import\u00e2ncia da uni\u00e3o entre poder p\u00fablico e sociedade civil para ampliar o alcance das a\u00e7\u00f5es do Mutir\u00e3o, que neste ano acontecer\u00e1 no dia 15 de novembro, no Hospital Beira Rio e na Pra\u00e7a Rio Cachoeira.<\/p>\n<p><img loading=\"lazy\" class=\"aligncenter  wp-image-13672\" src=\"https:\/\/www.cacauechocolate.com.br\/v1\/wp-content\/uploads\/2025\/10\/PHOTO-2025-10-15-15-16-05.jpg\" alt=\"\" width=\"376\" height=\"250\" \/><\/p>\n<p>Durante a apresenta\u00e7\u00e3o, Dr. Rafael destacou a trajet\u00f3ria de duas d\u00e9cadas do projeto, que se tornou refer\u00eancia nacional em mobiliza\u00e7\u00e3o e cuidado com o diabetes, inspirando mais de 30 cidades brasileiras a replicarem o modelo. Ele tamb\u00e9m pontuou as inova\u00e7\u00f5es tecnol\u00f3gicas que t\u00eam ampliado a precis\u00e3o dos atendimentos, como o uso da telemedicina, intelig\u00eancia artificial e fichas digitais inteligentes, al\u00e9m do papel fundamental da ONG Unidos Pelo Diabetes, bra\u00e7o social do Hospital Beira Rio, na gest\u00e3o e expans\u00e3o das a\u00e7\u00f5es.<\/p>\n<p>O presidente da C\u00e2mara de Vereadores, Manoel Porf\u00edrio, parabenizou o m\u00e9dico pela iniciativa e ressaltou a relev\u00e2ncia do Mutir\u00e3o para a cidade. \u201cO trabalho do Dr. Rafael \u00e9 motivo de orgulho para Itabuna. O Mutir\u00e3o do Diabetes vai muito al\u00e9m de um evento de sa\u00fade \u2014 \u00e9 um projeto de amor ao pr\u00f3ximo, que salva vidas e inspira outras cidades do Brasil. O Legislativo itabunense reconhece e apoia essa iniciativa que tanto contribui para o bem-estar da nossa popula\u00e7\u00e3o\u201d, afirmou Porf\u00edrio.<\/p>\n<div id=\"attachment_13673\" style=\"width: 372px\" class=\"wp-caption aligncenter\"><img aria-describedby=\"caption-attachment-13673\" loading=\"lazy\" class=\" wp-image-13673\" src=\"https:\/\/www.cacauechocolate.com.br\/v1\/wp-content\/uploads\/2025\/10\/PHOTO-2025-10-15-15-03-20.jpg\" alt=\"\" width=\"362\" height=\"281\" \/><p id=\"caption-attachment-13673\" class=\"wp-caption-text\">Dr. Rafael Andrade<\/p><\/div>\n<p>Com mais de 30 mil pacientes atendidos e milhares de casos de retinopatia diab\u00e9tica tratados gratuitamente, o Mutir\u00e3o do Diabetes chega \u00e0 sua 21\u00aa edi\u00e7\u00e3o consolidado como um exemplo de mobiliza\u00e7\u00e3o social e compromisso com a sa\u00fade p\u00fablica. A edi\u00e7\u00e3o de 2025 promete reunir novamente profissionais de sa\u00fade, volunt\u00e1rios e parceiros em uma grande corrente de solidariedade, informa\u00e7\u00e3o e cuidado.<\/p>\n<p>O Mutir\u00e3o do Diabetes de Itabuna ser\u00e1 realizado no dia 15 de novembro, das 8h \u00e0s 12h, no Hospital Beira Rio e na Pra\u00e7a Rio Cachoeira. Toda a comunidade est\u00e1 convidada a participar das a\u00e7\u00f5es gratuitas de preven\u00e7\u00e3o e conscientiza\u00e7\u00e3o.<\/p>\n","protected":false},"excerpt":{"rendered":"<p>O m\u00e9dico oftalmologista e idealizador do Mutir\u00e3o do Diabetes de Itabuna, Dr. Rafael Andrade, participou na \u00faltima ter\u00e7a-feira (14) da sess\u00e3o da C\u00e2mara de Vereadores de Itabuna, onde apresentou o projeto que h\u00e1 21 anos transforma a vida de milhares de pessoas com a\u00e7\u00f5es de preven\u00e7\u00e3o, diagn\u00f3stico e tratamento do diabetes. O encontro teve como [&hellip;]<\/p>\n","protected":false},"author":2,"featured_media":180985,"comment_status":"open","ping_status":"open","sticky":false,"template":"","format":"standard","meta":{"_links_to":"","_links_to_target":""},"categories":[33433],"tags":[40922,794,20040],"_links":{"self":[{"href":"https:\/\/www.blogdothame.blog.br\/v1\/wp-json\/wp\/v2\/posts\/180984"}],"collection":[{"href":"https:\/\/www.blogdothame.blog.br\/v1\/wp-json\/wp\/v2\/posts"}],"about":[{"href":"https:\/\/www.blogdothame.blog.br\/v1\/wp-json\/wp\/v2\/types\/post"}],"author":[{"embeddable":true,"href":"https:\/\/www.blogdothame.blog.br\/v1\/wp-json\/wp\/v2\/users\/2"}],"replies":[{"embeddable":true,"href":"https:\/\/www.blogdothame.blog.br\/v1\/wp-json\/wp\/v2\/comments?post=180984"}],"version-history":[{"count":1,"href":"https:\/\/www.blogdothame.blog.br\/v1\/wp-json\/wp\/v2\/posts\/180984\/revisions"}],"predecessor-version":[{"id":180986,"href":"https:\/\/www.blogdothame.blog.br\/v1\/wp-json\/wp\/v2\/posts\/180984\/revisions\/180986"}],"wp:featuredmedia":[{"embeddable":true,"href":"https:\/\/www.blogdothame.blog.br\/v1\/wp-json\/wp\/v2\/media\/180985"}],"wp:attachment":[{"href":"https:\/\/www.blogdothame.blog.br\/v1\/wp-json\/wp\/v2\/media?parent=180984"}],"wp:term":[{"taxonomy":"category","embeddable":true,"href":"https:\/\/www.blogdothame.blog.br\/v1\/wp-json\/wp\/v2\/categories?post=180984"},{"taxonomy":"post_tag","embeddable":true,"href":"https:\/\/www.blogdothame.blog.br\/v1\/wp-json\/wp\/v2\/tags?post=180984"}],"curies":[{"name":"wp","href":"https:\/\/api.w.org\/{rel}","templated":true}]}}