{"id":180981,"date":"2025-10-16T07:18:01","date_gmt":"2025-10-16T10:18:01","guid":{"rendered":"https:\/\/www.blogdothame.blog.br\/v1\/?p=180981"},"modified":"2025-10-15T15:52:10","modified_gmt":"2025-10-15T18:52:10","slug":"tjba-lanca-premio-de-jornalismo-narrativas-que-salvam-com-foco-em-reportagens-sobre-violencia-de-genero","status":"publish","type":"post","link":"https:\/\/www.blogdothame.blog.br\/v1\/2025\/10\/16\/tjba-lanca-premio-de-jornalismo-narrativas-que-salvam-com-foco-em-reportagens-sobre-violencia-de-genero\/","title":{"rendered":"TJBA lan\u00e7a Pr\u00eamio de Jornalismo \u201cNarrativas que Salvam\u201d, com foco em reportagens sobre viol\u00eancia de g\u00eanero"},"content":{"rendered":"<p data-start=\"232\" data-end=\"513\"><img loading=\"lazy\" class=\"aligncenter wp-image-180982\" src=\"https:\/\/www.blogdothame.blog.br\/v1\/wp-content\/uploads\/2025\/10\/yjba-22.jpg\" alt=\"\" width=\"439\" height=\"247\" srcset=\"https:\/\/www.blogdothame.blog.br\/v1\/wp-content\/uploads\/2025\/10\/yjba-22.jpg 585w, https:\/\/www.blogdothame.blog.br\/v1\/wp-content\/uploads\/2025\/10\/yjba-22-300x169.jpg 300w\" sizes=\"(max-width: 439px) 100vw, 439px\" \/>O Tribunal de Justi\u00e7a do Estado da Bahia (TJBA), por meio da Coordenadoria das Mulheres, lan\u00e7ou o 1\u00ba Pr\u00eamio Estadual de Jornalismo \u201cNarrativas que Salvam\u201d, uma iniciativa que busca reconhecer o papel essencial da imprensa na luta contra a viol\u00eancia dom\u00e9stica e o feminic\u00eddio.<\/p>\n<p data-start=\"515\" data-end=\"853\">O pr\u00eamio \u00e9 voltado a jornalistas e estudantes de jornalismo de institui\u00e7\u00f5es p\u00fablicas e privadas que tenham produzido reportagens \u2014 em qualquer formato ou plataforma \u2014 exibidas entre janeiro de 2024 e setembro de 2025. As inscri\u00e7\u00f5es est\u00e3o abertas e seguem at\u00e9 o dia 3 de novembro de 2025, no portal do TJBA (clique\u00a0<a href=\"https:\/\/docs.google.com\/forms\/d\/e\/1FAIpQLSfAm5NSzGWaYpTDWyjCER8c13TwTu0swLIlE5VMYozojCsZZw\/viewform?usp=send_form\" target=\"_blank\" rel=\"noopener\"><strong>AQUI<\/strong><\/a>).<\/p>\n<p data-start=\"855\" data-end=\"1114\">Segundo a Coordenadoria das Mulheres, o pr\u00eamio nasceu da urg\u00eancia de reconhecer e valorizar o jornalismo como ferramenta de transforma\u00e7\u00e3o social, capaz de romper o sil\u00eancio, dar visibilidade \u00e0s v\u00edtimas e mobilizar a sociedade em defesa da vida das mulheres.<\/p>\n<p data-start=\"1116\" data-end=\"1191\">O Pr\u00eamio \u201cNarrativas que Salvam\u201d contemplar\u00e1 as seguintes categorias:<\/p>\n<p data-start=\"1116\" data-end=\"1191\"><!--more--><\/p>\n<p data-start=\"1193\" data-end=\"1393\"><strong>Profissional:\u00a0<\/strong>Reportagem Escrita, Reportagem Audiovisual, Reportagem em \u00c1udio e Fotojornalismo;<br data-start=\"1292\" data-end=\"1295\" \/><strong>Universit\u00e1ria:\u00a0<\/strong>destinada a estudantes de jornalismo n\u00e3o vinculados a ve\u00edculos profissionais.<\/p>\n<p data-start=\"1395\" data-end=\"1765\">A divulga\u00e7\u00e3o dos finalistas ocorrer\u00e1 no dia 11 de novembro de 2025, no Di\u00e1rio da Justi\u00e7a e no site da Coordenadoria da Mulher. J\u00e1 a cerim\u00f4nia de premia\u00e7\u00e3o ser\u00e1 realizada de forma presencial, no dia 24 de novembro de 2025, \u00e0s 14h, no audit\u00f3rio do Tribunal de Justi\u00e7a da Bahia, localizado no Centro Administrativo do Estado (CAB).<\/p>\n","protected":false},"excerpt":{"rendered":"<p>O Tribunal de Justi\u00e7a do Estado da Bahia (TJBA), por meio da Coordenadoria das Mulheres, lan\u00e7ou o 1\u00ba Pr\u00eamio Estadual de Jornalismo \u201cNarrativas que Salvam\u201d, uma iniciativa que busca reconhecer o papel essencial da imprensa na luta contra a viol\u00eancia dom\u00e9stica e o feminic\u00eddio. O pr\u00eamio \u00e9 voltado a jornalistas e estudantes de jornalismo de [&hellip;]<\/p>\n","protected":false},"author":2,"featured_media":180982,"comment_status":"open","ping_status":"open","sticky":false,"template":"","format":"standard","meta":{"_links_to":"","_links_to_target":""},"categories":[1],"tags":[40921],"_links":{"self":[{"href":"https:\/\/www.blogdothame.blog.br\/v1\/wp-json\/wp\/v2\/posts\/180981"}],"collection":[{"href":"https:\/\/www.blogdothame.blog.br\/v1\/wp-json\/wp\/v2\/posts"}],"about":[{"href":"https:\/\/www.blogdothame.blog.br\/v1\/wp-json\/wp\/v2\/types\/post"}],"author":[{"embeddable":true,"href":"https:\/\/www.blogdothame.blog.br\/v1\/wp-json\/wp\/v2\/users\/2"}],"replies":[{"embeddable":true,"href":"https:\/\/www.blogdothame.blog.br\/v1\/wp-json\/wp\/v2\/comments?post=180981"}],"version-history":[{"count":1,"href":"https:\/\/www.blogdothame.blog.br\/v1\/wp-json\/wp\/v2\/posts\/180981\/revisions"}],"predecessor-version":[{"id":180983,"href":"https:\/\/www.blogdothame.blog.br\/v1\/wp-json\/wp\/v2\/posts\/180981\/revisions\/180983"}],"wp:featuredmedia":[{"embeddable":true,"href":"https:\/\/www.blogdothame.blog.br\/v1\/wp-json\/wp\/v2\/media\/180982"}],"wp:attachment":[{"href":"https:\/\/www.blogdothame.blog.br\/v1\/wp-json\/wp\/v2\/media?parent=180981"}],"wp:term":[{"taxonomy":"category","embeddable":true,"href":"https:\/\/www.blogdothame.blog.br\/v1\/wp-json\/wp\/v2\/categories?post=180981"},{"taxonomy":"post_tag","embeddable":true,"href":"https:\/\/www.blogdothame.blog.br\/v1\/wp-json\/wp\/v2\/tags?post=180981"}],"curies":[{"name":"wp","href":"https:\/\/api.w.org\/{rel}","templated":true}]}}