{"id":180972,"date":"2025-10-15T16:13:28","date_gmt":"2025-10-15T19:13:28","guid":{"rendered":"https:\/\/www.blogdothame.blog.br\/v1\/?p=180972"},"modified":"2025-10-15T15:52:37","modified_gmt":"2025-10-15T18:52:37","slug":"bahia-adere-a-programas-nacionais-de-cameras-corporais-e-qualificacao-do-uso-da-forca-e-entrega-novos-equipamentos-para-os-profissionais-de-seguranca","status":"publish","type":"post","link":"https:\/\/www.blogdothame.blog.br\/v1\/2025\/10\/15\/bahia-adere-a-programas-nacionais-de-cameras-corporais-e-qualificacao-do-uso-da-forca-e-entrega-novos-equipamentos-para-os-profissionais-de-seguranca\/","title":{"rendered":"Bahia adere a programas nacionais de c\u00e2meras corporais e qualifica\u00e7\u00e3o do uso da for\u00e7a e entrega novos equipamentos para os profissionais de seguran\u00e7a"},"content":{"rendered":"<p><img loading=\"lazy\" class=\"aligncenter wp-image-180973\" src=\"https:\/\/www.blogdothame.blog.br\/v1\/wp-content\/uploads\/2025\/10\/Fotos-Thuane-MariaGOVBA-2-1.jpg\" alt=\"\" width=\"403\" height=\"306\" srcset=\"https:\/\/www.blogdothame.blog.br\/v1\/wp-content\/uploads\/2025\/10\/Fotos-Thuane-MariaGOVBA-2-1.jpg 471w, https:\/\/www.blogdothame.blog.br\/v1\/wp-content\/uploads\/2025\/10\/Fotos-Thuane-MariaGOVBA-2-1-300x228.jpg 300w\" sizes=\"(max-width: 403px) 100vw, 403px\" \/>O Governo da Bahia oficializou, nesta quarta-feira (15), a ades\u00e3o a dois programas nacionais de seguran\u00e7a coordenados pelo Minist\u00e9rio da Justi\u00e7a e Seguran\u00e7a P\u00fablica (MJSP) \u2014 o Projeto Nacional de C\u00e2meras Corporais e o Projeto Nacional de Qualifica\u00e7\u00e3o do Uso da For\u00e7a \u2014 e realizou a entrega de novos equipamentos \u00e0s for\u00e7as policiais do estado. O ato foi conduzido pelo vice-governador Geraldo J\u00fanior, representando o governador Jer\u00f4nimo Rodrigues, com a presen\u00e7a do secret\u00e1rio nacional de Seguran\u00e7a P\u00fablica, M\u00e1rio Luiz Sarrubbo, do secret\u00e1rio da Seguran\u00e7a P\u00fablica da Bahia, Marcelo Werner, e de outras autoridades, no Centro de Opera\u00e7\u00f5es e Intelig\u00eancia (COI), situado no Centro Administrativo da Bahia (CAB).<\/p>\n<p><img loading=\"lazy\" class=\"aligncenter wp-image-180974\" src=\"https:\/\/www.blogdothame.blog.br\/v1\/wp-content\/uploads\/2025\/10\/Fotos-Thuane-MariaGOVBA-6-1.jpg\" alt=\"\" width=\"412\" height=\"274\" srcset=\"https:\/\/www.blogdothame.blog.br\/v1\/wp-content\/uploads\/2025\/10\/Fotos-Thuane-MariaGOVBA-6-1.jpg 600w, https:\/\/www.blogdothame.blog.br\/v1\/wp-content\/uploads\/2025\/10\/Fotos-Thuane-MariaGOVBA-6-1-300x200.jpg 300w\" sizes=\"(max-width: 412px) 100vw, 412px\" \/><\/p>\n<p>As ades\u00f5es refor\u00e7am a parceria entre o Governo Federal e o Governo do Estado na constru\u00e7\u00e3o de pol\u00edticas de seguran\u00e7a p\u00fablica voltadas \u00e0 cultura da paz, \u00e0 transpar\u00eancia e \u00e0 valoriza\u00e7\u00e3o da vida. Segundo Geraldo J\u00fanior, \u00e9 mais um passo no aprimoramento da gest\u00e3o e na valoriza\u00e7\u00e3o dos profissionais que atuam na linha de frente. \u201cEste \u00e9 um exemplo de que fazemos seguran\u00e7a p\u00fablica com investimento, integra\u00e7\u00e3o das for\u00e7as e respeito aos direitos humanos. Ao aderir aos programas nacionais, estamos reafirmando o compromisso com uma pol\u00edtica baseada na cidadania e na valoriza\u00e7\u00e3o da vida\u201d, afirmou Geraldo J\u00fanior.<\/p>\n<p><img loading=\"lazy\" class=\"aligncenter wp-image-180975\" src=\"https:\/\/www.blogdothame.blog.br\/v1\/wp-content\/uploads\/2025\/10\/Fotos-Thuane-MariaGOVBA-4-1.jpg\" alt=\"\" width=\"412\" height=\"274\" srcset=\"https:\/\/www.blogdothame.blog.br\/v1\/wp-content\/uploads\/2025\/10\/Fotos-Thuane-MariaGOVBA-4-1.jpg 600w, https:\/\/www.blogdothame.blog.br\/v1\/wp-content\/uploads\/2025\/10\/Fotos-Thuane-MariaGOVBA-4-1-300x200.jpg 300w\" sizes=\"(max-width: 412px) 100vw, 412px\" \/><br \/>\nOs programas nacionais coordenados pelo Minist\u00e9rio da Justi\u00e7a e Seguran\u00e7a P\u00fablica t\u00eam como objetivo padronizar e aperfei\u00e7oar as pr\u00e1ticas de seguran\u00e7a em todo o pa\u00eds. \u00a0O secret\u00e1rio nacional de Seguran\u00e7a P\u00fablica, M\u00e1rio Luiz Sarrubbo, ressaltou que o Governo Federal reconhece o protagonismo da Bahia e o compromisso da gest\u00e3o baiana em adotar pr\u00e1ticas modernas e transparentes. \u201cO projeto das c\u00e2meras corporais \u00e9, acima de tudo, uma pol\u00edtica de paz. Ele protege o bom policial e o cidad\u00e3o, reduz a letalidade e fortalece a confian\u00e7a da sociedade nas institui\u00e7\u00f5es. A Bahia demonstra que \u00e9 poss\u00edvel combater o crime com efici\u00eancia e, ao mesmo tempo, afirmar a cultura da vida e o respeito aos direitos humanos\u201d, declarou Sarrubbo.<\/p>\n<p><!--more--><\/p>\n<p><img loading=\"lazy\" class=\"aligncenter wp-image-180979\" src=\"https:\/\/www.blogdothame.blog.br\/v1\/wp-content\/uploads\/2025\/10\/Fotos-Thuane-MariaGOVBA-3-1.jpg\" alt=\"\" width=\"379\" height=\"252\" srcset=\"https:\/\/www.blogdothame.blog.br\/v1\/wp-content\/uploads\/2025\/10\/Fotos-Thuane-MariaGOVBA-3-1.jpg 600w, https:\/\/www.blogdothame.blog.br\/v1\/wp-content\/uploads\/2025\/10\/Fotos-Thuane-MariaGOVBA-3-1-300x200.jpg 300w\" sizes=\"(max-width: 379px) 100vw, 379px\" \/><br \/>\nA implanta\u00e7\u00e3o das c\u00e2meras corporais j\u00e1 estava em curso pela Secretaria da Seguran\u00e7a P\u00fablica da Bahia, e a ades\u00e3o aos programas nacionais amplia o alcance e o respaldo t\u00e9cnico dessa pol\u00edtica. O secret\u00e1rio Marcelo Werner destacou que o projeto j\u00e1 funciona em 23 unidades operativas e que a parceria com o Minist\u00e9rio da Justi\u00e7a permitir\u00e1 expandir o uso da tecnologia em todo o estado. \u201cEssas ades\u00f5es refor\u00e7am o caminho que j\u00e1 estamos trilhando. As c\u00e2meras corporais s\u00e3o um instrumento de prote\u00e7\u00e3o, transpar\u00eancia e qualifica\u00e7\u00e3o da atividade policial, e o alinhamento com o Governo Federal nos permite avan\u00e7ar com seguran\u00e7a e estrutura em todas as for\u00e7as da Bahia\u201d, afirmou Werner.<\/p>\n<p>Novos equipamentos refor\u00e7am estrutura das for\u00e7as policiais<\/p>\n<p><img loading=\"lazy\" class=\"aligncenter wp-image-180976\" src=\"https:\/\/www.blogdothame.blog.br\/v1\/wp-content\/uploads\/2025\/10\/Fotos-Thuane-MariaGOVBA-7-1.jpg\" alt=\"\" width=\"406\" height=\"270\" srcset=\"https:\/\/www.blogdothame.blog.br\/v1\/wp-content\/uploads\/2025\/10\/Fotos-Thuane-MariaGOVBA-7-1.jpg 600w, https:\/\/www.blogdothame.blog.br\/v1\/wp-content\/uploads\/2025\/10\/Fotos-Thuane-MariaGOVBA-7-1-300x200.jpg 300w\" sizes=\"(max-width: 406px) 100vw, 406px\" \/><br \/>\nO ato tamb\u00e9m marcou a entrega de 1.073 kits de armas de incapacita\u00e7\u00e3o neuromuscular (tasers), 23.629 espargidores de agente pimenta e 24 ve\u00edculos para a Pol\u00edcia Civil da Bahia (PCBA), com investimento total de R$ 6,8 milh\u00f5es. Os novos equipamentos fortalecem o trabalho das for\u00e7as de seguran\u00e7a em todo o estado, ampliando a prote\u00e7\u00e3o dos agentes e o alcance operacional das corpora\u00e7\u00f5es.<\/p>\n<p><img loading=\"lazy\" class=\"aligncenter wp-image-180978\" src=\"https:\/\/www.blogdothame.blog.br\/v1\/wp-content\/uploads\/2025\/10\/Fotos-Thuane-MariaGOVBA-5-1.jpg\" alt=\"\" width=\"402\" height=\"267\" srcset=\"https:\/\/www.blogdothame.blog.br\/v1\/wp-content\/uploads\/2025\/10\/Fotos-Thuane-MariaGOVBA-5-1.jpg 600w, https:\/\/www.blogdothame.blog.br\/v1\/wp-content\/uploads\/2025\/10\/Fotos-Thuane-MariaGOVBA-5-1-300x200.jpg 300w\" sizes=\"(max-width: 402px) 100vw, 402px\" \/><br \/>\nDe acordo com o secret\u00e1rio Marcelo Werner, as entregas fazem parte do maior projeto de reestrutura\u00e7\u00e3o da seguran\u00e7a p\u00fablica j\u00e1 realizado na Bahia, que tem priorizado a moderniza\u00e7\u00e3o de viaturas, armamentos, tecnologias e unidades operacionais. \u201cSomente este ano j\u00e1 foram mais de mil novas viaturas distribu\u00eddas entre as quatro for\u00e7as e 217 novas unidades entregues em todo o estado. Seguimos fortalecendo nossa estrutura, com investimentos que d\u00e3o mais seguran\u00e7a ao policial e \u00e0 popula\u00e7\u00e3o\u201d, completou o secret\u00e1rio.<\/p>\n<p>&nbsp;<\/p>\n<p>Fotos Thuane\u00a0 Maria GOVBA<\/p>\n","protected":false},"excerpt":{"rendered":"<p>O Governo da Bahia oficializou, nesta quarta-feira (15), a ades\u00e3o a dois programas nacionais de seguran\u00e7a coordenados pelo Minist\u00e9rio da Justi\u00e7a e Seguran\u00e7a P\u00fablica (MJSP) \u2014 o Projeto Nacional de C\u00e2meras Corporais e o Projeto Nacional de Qualifica\u00e7\u00e3o do Uso da For\u00e7a \u2014 e realizou a entrega de novos equipamentos \u00e0s for\u00e7as policiais do estado. [&hellip;]<\/p>\n","protected":false},"author":2,"featured_media":180973,"comment_status":"open","ping_status":"open","sticky":false,"template":"","format":"standard","meta":{"_links_to":"","_links_to_target":""},"categories":[33433],"tags":[16,40920,1570],"_links":{"self":[{"href":"https:\/\/www.blogdothame.blog.br\/v1\/wp-json\/wp\/v2\/posts\/180972"}],"collection":[{"href":"https:\/\/www.blogdothame.blog.br\/v1\/wp-json\/wp\/v2\/posts"}],"about":[{"href":"https:\/\/www.blogdothame.blog.br\/v1\/wp-json\/wp\/v2\/types\/post"}],"author":[{"embeddable":true,"href":"https:\/\/www.blogdothame.blog.br\/v1\/wp-json\/wp\/v2\/users\/2"}],"replies":[{"embeddable":true,"href":"https:\/\/www.blogdothame.blog.br\/v1\/wp-json\/wp\/v2\/comments?post=180972"}],"version-history":[{"count":1,"href":"https:\/\/www.blogdothame.blog.br\/v1\/wp-json\/wp\/v2\/posts\/180972\/revisions"}],"predecessor-version":[{"id":180980,"href":"https:\/\/www.blogdothame.blog.br\/v1\/wp-json\/wp\/v2\/posts\/180972\/revisions\/180980"}],"wp:featuredmedia":[{"embeddable":true,"href":"https:\/\/www.blogdothame.blog.br\/v1\/wp-json\/wp\/v2\/media\/180973"}],"wp:attachment":[{"href":"https:\/\/www.blogdothame.blog.br\/v1\/wp-json\/wp\/v2\/media?parent=180972"}],"wp:term":[{"taxonomy":"category","embeddable":true,"href":"https:\/\/www.blogdothame.blog.br\/v1\/wp-json\/wp\/v2\/categories?post=180972"},{"taxonomy":"post_tag","embeddable":true,"href":"https:\/\/www.blogdothame.blog.br\/v1\/wp-json\/wp\/v2\/tags?post=180972"}],"curies":[{"name":"wp","href":"https:\/\/api.w.org\/{rel}","templated":true}]}}