{"id":180904,"date":"2025-10-13T17:00:38","date_gmt":"2025-10-13T20:00:38","guid":{"rendered":"https:\/\/www.blogdothame.blog.br\/v1\/?p=180904"},"modified":"2025-10-13T15:04:56","modified_gmt":"2025-10-13T18:04:56","slug":"uesc-sedia-etapa-final-da-cop-mata-atlantica-hileia-baiana","status":"publish","type":"post","link":"https:\/\/www.blogdothame.blog.br\/v1\/2025\/10\/13\/uesc-sedia-etapa-final-da-cop-mata-atlantica-hileia-baiana\/","title":{"rendered":"Uesc sedia etapa final da COP Mata Atl\u00e2ntica \u2013 Hileia Baiana"},"content":{"rendered":"<div id=\"attachment_180905\" style=\"width: 488px\" class=\"wp-caption aligncenter\"><img aria-describedby=\"caption-attachment-180905\" loading=\"lazy\" class=\" wp-image-180905\" src=\"https:\/\/www.blogdothame.blog.br\/v1\/wp-content\/uploads\/2025\/10\/Parque-Municipal-da-Boa-ESperanca-2-Foto-Jose-Nazal.jpg\" alt=\"\" width=\"478\" height=\"239\" srcset=\"https:\/\/www.blogdothame.blog.br\/v1\/wp-content\/uploads\/2025\/10\/Parque-Municipal-da-Boa-ESperanca-2-Foto-Jose-Nazal.jpg 600w, https:\/\/www.blogdothame.blog.br\/v1\/wp-content\/uploads\/2025\/10\/Parque-Municipal-da-Boa-ESperanca-2-Foto-Jose-Nazal-300x150.jpg 300w\" sizes=\"(max-width: 478px) 100vw, 478px\" \/><p id=\"caption-attachment-180905\" class=\"wp-caption-text\">Parque Municipal da Boa ESperan\u00e7a &#8211; Foto Jos\u00e9 Nazal<\/p><\/div>\n<p>A Universidade Estadual de Santa Cruz (Uesc) recebe, nesta ter\u00e7a-feira, 14 de outubro de 2025, a etapa final da COP Mata Atl\u00e2ntica \u2013 Hileia Baiana, evento promovido em parceria com a Universidade Federal do Sul da Bahia (UFSB). A confer\u00eancia reunir\u00e1 cientistas, povos tradicionais, movimentos sociais e gestores p\u00fablicos para discutir o papel estrat\u00e9gico da Mata Atl\u00e2ntica no enfrentamento da crise clim\u00e1tica.<\/p>\n<div id=\"attachment_180906\" style=\"width: 438px\" class=\"wp-caption aligncenter\"><img aria-describedby=\"caption-attachment-180906\" loading=\"lazy\" class=\" wp-image-180906\" src=\"https:\/\/www.blogdothame.blog.br\/v1\/wp-content\/uploads\/2025\/10\/Parque-Municipal-da-Boa-Esperanca-1-foto-Jose-Nazal.jpg\" alt=\"\" width=\"428\" height=\"214\" srcset=\"https:\/\/www.blogdothame.blog.br\/v1\/wp-content\/uploads\/2025\/10\/Parque-Municipal-da-Boa-Esperanca-1-foto-Jose-Nazal.jpg 348w, https:\/\/www.blogdothame.blog.br\/v1\/wp-content\/uploads\/2025\/10\/Parque-Municipal-da-Boa-Esperanca-1-foto-Jose-Nazal-300x150.jpg 300w\" sizes=\"(max-width: 428px) 100vw, 428px\" \/><p id=\"caption-attachment-180906\" class=\"wp-caption-text\">Parque Municipal da Boa Esperan\u00e7a -foto Jos\u00e9 Nazal<\/p><\/div>\n<p>As atividades ocorrer\u00e3o no Audit\u00f3rio Governador Paulo Souto, no Centro de Arte e Cultura da Uesc. O credenciamento tem in\u00edcio \u00e0s 8 horas, seguido, \u00e0s 8h30, do Painel Institucional, com autoridades e representantes regionais, e da exibi\u00e7\u00e3o do v\u00eddeo\u00a0Vozes da Mata Atl\u00e2ntica. A programa\u00e7\u00e3o prossegue, a partir das 13h30, com duas mesas de debate:\u00a0Uso da terra e sistemas agroflorestais no Sul da Bahia como estrat\u00e9gias de mitiga\u00e7\u00e3o da crise clim\u00e1tica\u00a0e\u00a0Conserva\u00e7\u00e3o e restaura\u00e7\u00e3o da Mata Atl\u00e2ntica do Sul da Bahia: uma perspectiva para o futuro.<\/p>\n<p>Ap\u00f3s etapas realizadas em Teixeira de Freitas e Porto Seguro, a confer\u00eancia consolida o Sul e o Extremo Sul da Bahia como polos de articula\u00e7\u00e3o para a\u00e7\u00f5es clim\u00e1ticas, conserva\u00e7\u00e3o da biodiversidade e fortalecimento da governan\u00e7a ambiental. O objetivo \u00e9 conectar iniciativas regionais \u00e0s discuss\u00f5es globais que ocorrer\u00e3o durante a COP 30, marcada para novembro, em Bel\u00e9m (PA).<\/p>\n<p><!--more--><\/p>\n<p>Reconhecida como Hileia Baiana, a por\u00e7\u00e3o da Mata Atl\u00e2ntica presente na regi\u00e3o abriga uma das maiores concentra\u00e7\u00f5es de povos ind\u00edgenas e comunidades quilombolas do pa\u00eds, al\u00e9m de agricultores familiares, pescadores, marisqueiras e assentados da reforma agr\u00e1ria. A programa\u00e7\u00e3o ser\u00e1 estruturada em tr\u00eas eixos: conhecimento cient\u00edfico e tradicional, pol\u00edticas p\u00fablicas e parcerias, resultando na produ\u00e7\u00e3o de documentos e propostas a serem encaminhados a \u00f3rg\u00e3os competentes.<\/p>\n<p>Para a Uesc e a UFSB, a COP Mata Atl\u00e2ntica \u2013 Hileia Baiana representa um marco na mobiliza\u00e7\u00e3o regional em defesa do bioma mais amea\u00e7ado do pa\u00eds. A iniciativa une ci\u00eancia, saberes tradicionais e pol\u00edticas p\u00fablicas na constru\u00e7\u00e3o de solu\u00e7\u00f5es conjuntas para os desafios ambientais e sociais, ampliando a visibilidade da Mata Atl\u00e2ntica no cen\u00e1rio nacional e internacional e garantindo que o bioma tenha voz ativa na COP 30.<\/p>\n","protected":false},"excerpt":{"rendered":"<p>A Universidade Estadual de Santa Cruz (Uesc) recebe, nesta ter\u00e7a-feira, 14 de outubro de 2025, a etapa final da COP Mata Atl\u00e2ntica \u2013 Hileia Baiana, evento promovido em parceria com a Universidade Federal do Sul da Bahia (UFSB). A confer\u00eancia reunir\u00e1 cientistas, povos tradicionais, movimentos sociais e gestores p\u00fablicos para discutir o papel estrat\u00e9gico da [&hellip;]<\/p>\n","protected":false},"author":2,"featured_media":180905,"comment_status":"open","ping_status":"open","sticky":false,"template":"","format":"standard","meta":{"_links_to":"","_links_to_target":""},"categories":[33432],"tags":[40389,40646,3371],"_links":{"self":[{"href":"https:\/\/www.blogdothame.blog.br\/v1\/wp-json\/wp\/v2\/posts\/180904"}],"collection":[{"href":"https:\/\/www.blogdothame.blog.br\/v1\/wp-json\/wp\/v2\/posts"}],"about":[{"href":"https:\/\/www.blogdothame.blog.br\/v1\/wp-json\/wp\/v2\/types\/post"}],"author":[{"embeddable":true,"href":"https:\/\/www.blogdothame.blog.br\/v1\/wp-json\/wp\/v2\/users\/2"}],"replies":[{"embeddable":true,"href":"https:\/\/www.blogdothame.blog.br\/v1\/wp-json\/wp\/v2\/comments?post=180904"}],"version-history":[{"count":1,"href":"https:\/\/www.blogdothame.blog.br\/v1\/wp-json\/wp\/v2\/posts\/180904\/revisions"}],"predecessor-version":[{"id":180907,"href":"https:\/\/www.blogdothame.blog.br\/v1\/wp-json\/wp\/v2\/posts\/180904\/revisions\/180907"}],"wp:featuredmedia":[{"embeddable":true,"href":"https:\/\/www.blogdothame.blog.br\/v1\/wp-json\/wp\/v2\/media\/180905"}],"wp:attachment":[{"href":"https:\/\/www.blogdothame.blog.br\/v1\/wp-json\/wp\/v2\/media?parent=180904"}],"wp:term":[{"taxonomy":"category","embeddable":true,"href":"https:\/\/www.blogdothame.blog.br\/v1\/wp-json\/wp\/v2\/categories?post=180904"},{"taxonomy":"post_tag","embeddable":true,"href":"https:\/\/www.blogdothame.blog.br\/v1\/wp-json\/wp\/v2\/tags?post=180904"}],"curies":[{"name":"wp","href":"https:\/\/api.w.org\/{rel}","templated":true}]}}