{"id":180866,"date":"2025-10-13T16:30:07","date_gmt":"2025-10-13T19:30:07","guid":{"rendered":"https:\/\/www.blogdothame.blog.br\/v1\/?p=180866"},"modified":"2025-10-13T15:38:21","modified_gmt":"2025-10-13T18:38:21","slug":"ilheus-promove-ato-em-memoria-de-mulheres-assassinadas","status":"publish","type":"post","link":"https:\/\/www.blogdothame.blog.br\/v1\/2025\/10\/13\/ilheus-promove-ato-em-memoria-de-mulheres-assassinadas\/","title":{"rendered":"Ilheus realiza ato em mem\u00f3ria de mulheres assassinadas"},"content":{"rendered":"<p><img loading=\"lazy\" class=\"aligncenter size-full wp-image-180867\" src=\"https:\/\/www.blogdothame.blog.br\/v1\/wp-content\/uploads\/2025\/10\/PHOTO-2025-10-11-16-55-10.jpg\" alt=\"\" width=\"600\" height=\"240\" srcset=\"https:\/\/www.blogdothame.blog.br\/v1\/wp-content\/uploads\/2025\/10\/PHOTO-2025-10-11-16-55-10.jpg 600w, https:\/\/www.blogdothame.blog.br\/v1\/wp-content\/uploads\/2025\/10\/PHOTO-2025-10-11-16-55-10-300x120.jpg 300w\" sizes=\"(max-width: 600px) 100vw, 600px\" \/>Na pr\u00f3xima quarta-feira, 15 de outubro, \u00e0s 9h, data que marca dois meses do crime que tirou a vida de Alexsandra, Maria Helena e Mariana, ser\u00e1 realizado em Ilh\u00e9us um ato em mem\u00f3ria das tr\u00eas mulheres. O crime, que chocou o pa\u00eds, segue gerando grande como\u00e7\u00e3o e cobran\u00e7a por justi\u00e7a. A mobiliza\u00e7\u00e3o \u00e9 organizada pela Frente Parlamentar de Mulheres e tem como objetivo manter viva a lembran\u00e7a das v\u00edtimas, al\u00e9m de refor\u00e7ar o pedido por toda a verdade sobre o caso.<\/p>\n<p>O ponto de encontro ser\u00e1 nas proximidades do Hotel Opaba, de onde os participantes seguir\u00e3o em caminhada at\u00e9 o local onde os corpos foram encontrados. Durante o trajeto e no ponto final, ser\u00e3o feitas homenagens em respeito \u00e0s v\u00edtimas. A escolha do dia tamb\u00e9m carrega um simbolismo especial: 15 de outubro \u00e9 o Dia dos Professores, data que lembra a trajet\u00f3ria de duas das v\u00edtimas, Alexsandra e Maria Helena, que dedicaram suas vidas \u00e0 educa\u00e7\u00e3o. O ato pretende reafirmar o compromisso coletivo de n\u00e3o deixar o crime cair no esquecimento e de continuar exigindo respostas completas sobre o ocorrido.<\/p>\n","protected":false},"excerpt":{"rendered":"<p>Na pr\u00f3xima quarta-feira, 15 de outubro, \u00e0s 9h, data que marca dois meses do crime que tirou a vida de Alexsandra, Maria Helena e Mariana, ser\u00e1 realizado em Ilh\u00e9us um ato em mem\u00f3ria das tr\u00eas mulheres. O crime, que chocou o pa\u00eds, segue gerando grande como\u00e7\u00e3o e cobran\u00e7a por justi\u00e7a. A mobiliza\u00e7\u00e3o \u00e9 organizada pela [&hellip;]<\/p>\n","protected":false},"author":2,"featured_media":180867,"comment_status":"open","ping_status":"open","sticky":false,"template":"","format":"standard","meta":{"_links_to":"","_links_to_target":""},"categories":[33434],"tags":[40897,218,40898,40899],"_links":{"self":[{"href":"https:\/\/www.blogdothame.blog.br\/v1\/wp-json\/wp\/v2\/posts\/180866"}],"collection":[{"href":"https:\/\/www.blogdothame.blog.br\/v1\/wp-json\/wp\/v2\/posts"}],"about":[{"href":"https:\/\/www.blogdothame.blog.br\/v1\/wp-json\/wp\/v2\/types\/post"}],"author":[{"embeddable":true,"href":"https:\/\/www.blogdothame.blog.br\/v1\/wp-json\/wp\/v2\/users\/2"}],"replies":[{"embeddable":true,"href":"https:\/\/www.blogdothame.blog.br\/v1\/wp-json\/wp\/v2\/comments?post=180866"}],"version-history":[{"count":3,"href":"https:\/\/www.blogdothame.blog.br\/v1\/wp-json\/wp\/v2\/posts\/180866\/revisions"}],"predecessor-version":[{"id":180911,"href":"https:\/\/www.blogdothame.blog.br\/v1\/wp-json\/wp\/v2\/posts\/180866\/revisions\/180911"}],"wp:featuredmedia":[{"embeddable":true,"href":"https:\/\/www.blogdothame.blog.br\/v1\/wp-json\/wp\/v2\/media\/180867"}],"wp:attachment":[{"href":"https:\/\/www.blogdothame.blog.br\/v1\/wp-json\/wp\/v2\/media?parent=180866"}],"wp:term":[{"taxonomy":"category","embeddable":true,"href":"https:\/\/www.blogdothame.blog.br\/v1\/wp-json\/wp\/v2\/categories?post=180866"},{"taxonomy":"post_tag","embeddable":true,"href":"https:\/\/www.blogdothame.blog.br\/v1\/wp-json\/wp\/v2\/tags?post=180866"}],"curies":[{"name":"wp","href":"https:\/\/api.w.org\/{rel}","templated":true}]}}