{"id":180824,"date":"2025-10-13T06:58:07","date_gmt":"2025-10-13T09:58:07","guid":{"rendered":"https:\/\/www.blogdothame.blog.br\/v1\/?p=180824"},"modified":"2025-10-10T10:12:38","modified_gmt":"2025-10-10T13:12:38","slug":"uesc-realiza-xxx-seminario-integrador-do-prodema","status":"publish","type":"post","link":"https:\/\/www.blogdothame.blog.br\/v1\/2025\/10\/13\/uesc-realiza-xxx-seminario-integrador-do-prodema\/","title":{"rendered":"Uesc realiza XXX Semin\u00e1rio Integrador do Prodema"},"content":{"rendered":"<p><img loading=\"lazy\" class=\"aligncenter wp-image-180825\" src=\"https:\/\/www.blogdothame.blog.br\/v1\/wp-content\/uploads\/2025\/10\/prodema-.jpg\" alt=\"\" width=\"476\" height=\"238\" srcset=\"https:\/\/www.blogdothame.blog.br\/v1\/wp-content\/uploads\/2025\/10\/prodema-.jpg 600w, https:\/\/www.blogdothame.blog.br\/v1\/wp-content\/uploads\/2025\/10\/prodema--300x150.jpg 300w\" sizes=\"(max-width: 476px) 100vw, 476px\" \/>A partir desta segunda-feira, 13 de outubro o XXX Semin\u00e1rio Integrador Internacional da Rede Prodema, vai reunir pesquisadores, professores e estudantes de p\u00f3s-gradua\u00e7\u00e3o de diversas universidades brasileiras para discutir temas ligados \u00e0 emerg\u00eancia clim\u00e1tica, biomas e sustentabilidade. O evento, sediado no Hotel Praia do Sol e no campus da Universidade Estadual de Santa Cruz (Uesc), promete uma programa\u00e7\u00e3o diversificada, com palestras, mesas-redondas, apresenta\u00e7\u00f5es de trabalhos e atividades de campo.<\/p>\n<p>&nbsp;<\/p>\n<p>A abertura oficial acontece \u00e0s 8h30 no hotel Praia do Sol, zona sul de Ilh\u00e9us e contar\u00e1 com a apresenta\u00e7\u00e3o do Coral da Uesc. Estar\u00e3o presentes,\u00a0o reitor da Uesc, Alessandro Fernandes de Santana; a pr\u00f3-reitora de Pesquisa e P\u00f3s-Gradua\u00e7\u00e3o Fernanda Amato Gaiotto;\u00a0o\u00a0Pr\u00f3-reitor\u00a0de A\u00e7\u00f5es Afirmativas e Perman\u00eancia Estudantil (Proape), Guilhardes de Jesus J\u00fanior, o pr\u00f3-reitor de Extens\u00e3o Omar Santos Costa, o coordenador do Programa de P\u00f3s-gradua\u00e7\u00e3o em Desenvolvimento Regional e Meio Ambiente (PPGDMA) da Uesc e do evento Raildo Mota de Jesus, o coordenador da Rede PRODEMA, Inaj\u00e1 Francisco de Souza e o representante estudantil, Prof. Dr. Ant\u00f4nio Balbino.<\/p>\n<p>&nbsp;<\/p>\n<p>Entre os destaques do dia est\u00e3o as palestras da Dra. Mercedes Bustamante (UnB), sobre\u00a0Emerg\u00eancia Clim\u00e1tica e Biomas Brasileiros, e do Dr. Paulo Eduardo Ambr\u00f3sio (Uesc), que abordar\u00e1 a rela\u00e7\u00e3o entre\u00a0Intelig\u00eancia Artificial e Meio Ambiente. \u00c0 tarde, o Dr. Jos\u00e9 Adolfo de Almeida Neto (Uesc) falar\u00e1 sobre\u00a0Estrat\u00e9gias de mitiga\u00e7\u00e3o e adapta\u00e7\u00e3o da agricultura frente \u00e0s mudan\u00e7as clim\u00e1ticas. O encerramento do dia traz uma mesa-redonda mediada pela Dr.\u00a0Alexandre Schiavetti\u00a0(Uesc), com lideran\u00e7as ind\u00edgenas e quilombolas debatendo a integra\u00e7\u00e3o entre ci\u00eancia, saberes tradicionais e a luta pela preserva\u00e7\u00e3o dos biomas.<\/p>\n<p><!--more--><\/p>\n<p>O dia 14 come\u00e7a com a palestra do Dr. Leonardo Klumb Oliveira (UFSB),\u00a0\u00e0s 8:30,\u00a0sobre os desafios clim\u00e1ticos nos ambientes marinhos. Em seguida,\u00a0durante a mesa redonda mediada pela Dra. Sofia Campiolo (Uesc),\u00a0especialistas de diferentes regi\u00f5es do pa\u00eds analisam os efeitos da emerg\u00eancia clim\u00e1tica sobre os biomas brasileiros \u2013 Mata Atl\u00e2ntica, Cerrado e Caatinga \u2013 destacando as experi\u00eancias locais de mitiga\u00e7\u00e3o. O per\u00edodo da tarde ser\u00e1 dedicado \u00e0 apresenta\u00e7\u00e3o das teses de destaque de cada institui\u00e7\u00e3o da Rede Prodema e a reuni\u00f5es de integra\u00e7\u00e3o entre coordenadores e discentes, promovendo o fortalecimento da colabora\u00e7\u00e3o acad\u00eamica.<\/p>\n<p>&nbsp;<\/p>\n<p>Ainda no dia 14, \u00e0s 16:30, ser\u00e1 realizado o plantio de mudas nativas como a\u00e7\u00e3o simb\u00f3lica e pr\u00e1tica de compensa\u00e7\u00e3o da emiss\u00e3o de gases de efeito estufa gerados durante o evento. A iniciativa integra o compromisso ambiental da Rede Prodema com a sustentabilidade.<\/p>\n<p>&nbsp;<\/p>\n<p>No dia 15, o semin\u00e1rio se transfere para o campus da Uesc, onde ocorrer\u00e3o as apresenta\u00e7\u00f5es de trabalhos cient\u00edficos de mestrandos e doutorandos da Rede Prodema, fortalecendo a troca de experi\u00eancias e a divulga\u00e7\u00e3o de pesquisas voltadas ao desenvolvimento sustent\u00e1vel. O dia\u00a0termina\u00a0com\u00a0uma cerim\u00f4nia de encerramento.<\/p>\n<p>&nbsp;<\/p>\n<p>O \u00faltimo dia de\u00a0evento, em 16 de outubro, ser\u00e1 marcado por atividades voltadas \u00e0 forma\u00e7\u00e3o docente e \u00e0 integra\u00e7\u00e3o entre pesquisa e sociedade. Pela manh\u00e3, o coordenador da \u00e1rea de Ci\u00eancias Ambientais da CAPES, Dr. Carlos Alberto Cioce Sampaio, ministrar\u00e1 palestras sobre fomento, produ\u00e7\u00e3o t\u00e9cnica e impacto social dos programas de p\u00f3s-gradua\u00e7\u00e3o. \u00c0 tarde, a programa\u00e7\u00e3o facultativa inclui visitas t\u00e9cnicas a projetos de destaque, como a Sala Verde da Uesc, a F\u00e1brica de Chocolate da Economia Solid\u00e1ria (ChocoSol) e a Fazenda Yrer\u00ea, al\u00e9m de uma viv\u00eancia na Aldeia Tupinamb\u00e1 Taba Jairy. Tamb\u00e9m ser\u00e1 oferecido o minicurso \u201cZool\u00f3gicos e aqu\u00e1rios como instrumentos de conserva\u00e7\u00e3o\u201d, e uma exposi\u00e7\u00e3o do PET Solos da Uesc, que apresenta experi\u00eancias de ensino, pesquisa e extens\u00e3o voltadas \u00e0 sustentabilidade.<\/p>\n<p>&nbsp;<\/p>\n<p>&nbsp;<\/p>\n","protected":false},"excerpt":{"rendered":"<p>A partir desta segunda-feira, 13 de outubro o XXX Semin\u00e1rio Integrador Internacional da Rede Prodema, vai reunir pesquisadores, professores e estudantes de p\u00f3s-gradua\u00e7\u00e3o de diversas universidades brasileiras para discutir temas ligados \u00e0 emerg\u00eancia clim\u00e1tica, biomas e sustentabilidade. O evento, sediado no Hotel Praia do Sol e no campus da Universidade Estadual de Santa Cruz (Uesc), [&hellip;]<\/p>\n","protected":false},"author":2,"featured_media":180825,"comment_status":"open","ping_status":"open","sticky":false,"template":"","format":"standard","meta":{"_links_to":"","_links_to_target":""},"categories":[33434],"tags":[25,40886],"_links":{"self":[{"href":"https:\/\/www.blogdothame.blog.br\/v1\/wp-json\/wp\/v2\/posts\/180824"}],"collection":[{"href":"https:\/\/www.blogdothame.blog.br\/v1\/wp-json\/wp\/v2\/posts"}],"about":[{"href":"https:\/\/www.blogdothame.blog.br\/v1\/wp-json\/wp\/v2\/types\/post"}],"author":[{"embeddable":true,"href":"https:\/\/www.blogdothame.blog.br\/v1\/wp-json\/wp\/v2\/users\/2"}],"replies":[{"embeddable":true,"href":"https:\/\/www.blogdothame.blog.br\/v1\/wp-json\/wp\/v2\/comments?post=180824"}],"version-history":[{"count":1,"href":"https:\/\/www.blogdothame.blog.br\/v1\/wp-json\/wp\/v2\/posts\/180824\/revisions"}],"predecessor-version":[{"id":180826,"href":"https:\/\/www.blogdothame.blog.br\/v1\/wp-json\/wp\/v2\/posts\/180824\/revisions\/180826"}],"wp:featuredmedia":[{"embeddable":true,"href":"https:\/\/www.blogdothame.blog.br\/v1\/wp-json\/wp\/v2\/media\/180825"}],"wp:attachment":[{"href":"https:\/\/www.blogdothame.blog.br\/v1\/wp-json\/wp\/v2\/media?parent=180824"}],"wp:term":[{"taxonomy":"category","embeddable":true,"href":"https:\/\/www.blogdothame.blog.br\/v1\/wp-json\/wp\/v2\/categories?post=180824"},{"taxonomy":"post_tag","embeddable":true,"href":"https:\/\/www.blogdothame.blog.br\/v1\/wp-json\/wp\/v2\/tags?post=180824"}],"curies":[{"name":"wp","href":"https:\/\/api.w.org\/{rel}","templated":true}]}}