{"id":180686,"date":"2025-10-08T18:30:08","date_gmt":"2025-10-08T21:30:08","guid":{"rendered":"https:\/\/www.blogdothame.blog.br\/v1\/?p=180686"},"modified":"2025-10-08T16:30:12","modified_gmt":"2025-10-08T19:30:12","slug":"filin-2025-celebra-literatura-afetos-e-infancias-em-ilheus","status":"publish","type":"post","link":"https:\/\/www.blogdothame.blog.br\/v1\/2025\/10\/08\/filin-2025-celebra-literatura-afetos-e-infancias-em-ilheus\/","title":{"rendered":"FILIN 2025 celebra literatura, afetos e inf\u00e2ncias em Ilh\u00e9us"},"content":{"rendered":"<p><img loading=\"lazy\" class=\"aligncenter wp-image-180725\" src=\"https:\/\/www.blogdothame.blog.br\/v1\/wp-content\/uploads\/2025\/10\/PHOTO-2025-10-08-11-33-44-1.jpg\" alt=\"\" width=\"396\" height=\"296\" srcset=\"https:\/\/www.blogdothame.blog.br\/v1\/wp-content\/uploads\/2025\/10\/PHOTO-2025-10-08-11-33-44-1.jpg 600w, https:\/\/www.blogdothame.blog.br\/v1\/wp-content\/uploads\/2025\/10\/PHOTO-2025-10-08-11-33-44-1-300x225.jpg 300w\" sizes=\"(max-width: 396px) 100vw, 396px\" \/>De 9 a 11 de outubro, Ilh\u00e9us recebe a segunda edi\u00e7\u00e3o do FILIN \u2013 Festival Ilheense de Literatura para as Inf\u00e2ncias, um projeto liter\u00e1rio que visa aproximar crian\u00e7as, adolescentes, educadores e escritores por meio da leitura, da escuta e da palavra sens\u00edvel. A iniciativa \u00e9 idealizada pelas escritoras e produtoras culturais Luh Oliveira e Elisa Oliveira, representantes do coletivo liter\u00e1rio Vixi Bahia Liter\u00e1ria, e nesta edi\u00e7\u00e3o conta tamb\u00e9m com a colabora\u00e7\u00e3o dos escritores Pawlo Cidade e Franklin Costa.<\/p>\n<p><img loading=\"lazy\" class=\"aligncenter wp-image-180724\" src=\"https:\/\/www.blogdothame.blog.br\/v1\/wp-content\/uploads\/2025\/10\/PHOTO-2025-10-08-11-28-09-2.jpg\" alt=\"\" width=\"492\" height=\"246\" srcset=\"https:\/\/www.blogdothame.blog.br\/v1\/wp-content\/uploads\/2025\/10\/PHOTO-2025-10-08-11-28-09-2.jpg 600w, https:\/\/www.blogdothame.blog.br\/v1\/wp-content\/uploads\/2025\/10\/PHOTO-2025-10-08-11-28-09-2-300x150.jpg 300w\" sizes=\"(max-width: 492px) 100vw, 492px\" \/><br \/>\nO FILIN nasceu em 2023 como uma a\u00e7\u00e3o de resist\u00eancia e valoriza\u00e7\u00e3o da literatura voltada \u00e0 inf\u00e2ncia e \u00e0 juventude. A primeira edi\u00e7\u00e3o foi um sucesso de p\u00fablico e cr\u00edtica, reunindo escolas, autores e leitores da regi\u00e3o. Este ano, o festival retorna com uma programa\u00e7\u00e3o enxuta, reunindo oficinas, rodas de conversa, conta\u00e7\u00e3o de hist\u00f3rias, concurso de poesia e lan\u00e7amento coletivo de livros.<\/p>\n<p><img loading=\"lazy\" class=\"aligncenter wp-image-13550\" src=\"https:\/\/www.cacauechocolate.com.br\/v1\/wp-content\/uploads\/2025\/10\/PHOTO-2025-10-08-11-36-26.jpg\" alt=\"\" width=\"315\" height=\"281\" \/><br \/>\nA programa\u00e7\u00e3o se distribui entre espa\u00e7os como a Academia de Letras de Ilh\u00e9us, escolas p\u00fablicas da cidade e a Feira Cultural Rua Viva, no centro hist\u00f3rico.<\/p>\n<p>Abertura solene com homenagens e poesia<br \/>\nA abertura oficial acontece no dia 09 de outubro, \u00e0s 18h30, na Academia de Letras de Ilh\u00e9us, com homenagens \u00e0 psic\u00f3loga e contadora de hist\u00f3rias Edla Soares e ao m\u00e9dico, professor e escritor Le\u00f4nidas Azevedo Filho. Na mesma noite, ser\u00e1 realizada a final do 2\u00ba Concurso de Poesia do FILIN, voltado a adolescentes de 13 a 17 anos.<\/p>\n<p><img loading=\"lazy\" class=\"aligncenter wp-image-13551\" src=\"https:\/\/www.cacauechocolate.com.br\/v1\/wp-content\/uploads\/2025\/10\/PHOTO-2025-10-08-11-31-25.jpg\" alt=\"\" width=\"287\" height=\"233\" \/><\/p>\n<p>Programa\u00e7\u00e3o<\/p>\n<p><!--more--><\/p>\n<p>Na quinta-feira, dia 09\/10:<\/p>\n<p>Local: Escola Municipal Heitor Dias<br \/>\nHor\u00e1rio: 10h<br \/>\nConta\u00e7\u00e3o de hist\u00f3rias com a escritora Maria Rita Prudente<br \/>\nP\u00fablico: turmas do segundo ano (p\u00fablico interno)<\/p>\n<p>Local: CEEP \u00c1lvaro Melo Vieira<br \/>\nHor\u00e1rio: 14h<br \/>\nOficina (In)verso de mim, (an)verso do outro: a poesia como forma de express\u00e3o de si.<br \/>\nCom a escritoa, poeta, professora doutora T\u00e1llys Pereira<br \/>\nP\u00fablico: ensino m\u00e9dio (p\u00fablico interno)<\/p>\n<p>Local: C.E.T.I. \u00c1rleo Barbosa<br \/>\nHor\u00e1rio: 14h<br \/>\nOficina de Literatura de cordel<br \/>\nCom o poeta, compositor e cordelista Franklin Costa<br \/>\nP\u00fablico: ensino m\u00e9dio (p\u00fablico interno)<\/p>\n<p>Local: Academia de Letras de Ilh\u00e9us<br \/>\nHor\u00e1rio: 18:30h<br \/>\nAbertura oficial do evento<br \/>\nHomenagem \u00e0 Edla Soares e Le\u00f4nidas Azevedo<br \/>\nFinal do Concurso de Poesia ( 14 finalistas de 13 a 17 anos)<br \/>\nP\u00fablico: aberto \u00e0 comunidade<\/p>\n<p><img loading=\"lazy\" class=\"aligncenter wp-image-180727\" src=\"https:\/\/www.blogdothame.blog.br\/v1\/wp-content\/uploads\/2025\/10\/PHOTO-2025-10-08-11-37-04-2.jpg\" alt=\"\" width=\"371\" height=\"278\" srcset=\"https:\/\/www.blogdothame.blog.br\/v1\/wp-content\/uploads\/2025\/10\/PHOTO-2025-10-08-11-37-04-2.jpg 600w, https:\/\/www.blogdothame.blog.br\/v1\/wp-content\/uploads\/2025\/10\/PHOTO-2025-10-08-11-37-04-2-300x225.jpg 300w\" sizes=\"(max-width: 371px) 100vw, 371px\" \/><\/p>\n<p>Na sexta-feira, dia 10\/10:<\/p>\n<p>Local: Instituto Municipal de Ensino Eus\u00ednio Lavigne<br \/>\nHor\u00e1rio: 14h<br \/>\nRoda de conversa: Afeto que l\u00ea: emo\u00e7\u00f5es e v\u00ednculos na literatura<br \/>\nCom as escritoras Anna L\u00edvia Ribeiro e \u00c2ngela Damasceno, com medi\u00e7\u00e3o da escritora Luh Oliveira<br \/>\nP\u00fablico: turmas do nono ano do Ensino Fundamental (p\u00fablico interno)<\/p>\n<p>Local: CEEP \u00c1lvaro Melo Vieira<br \/>\nHor\u00e1rio: 14h<br \/>\nRoda de conversa: Meninas que escrevem o mundo \u2013 Protagonismo feminino na literatura<br \/>\nCom as escritoras Tereza S\u00e1 e Analu Leite, com medi\u00e7\u00e3o do escritor Pawlo Cidade<br \/>\nP\u00fablico: ensino m\u00e9dio (p\u00fablico interno)<\/p>\n<p>Local: Academia de Letras de Ilh\u00e9us<br \/>\nHor\u00e1rio: 18:30h<br \/>\nRoda de conversa: Palavra preta, inf\u00e2ncia viva: Literatura antirracista e protagonismo negro<br \/>\nCom as escritoras Cariza Dias e Larissa Pereira, com media\u00e7\u00e3o da escritora Elisa Oliveira.<br \/>\nLan\u00e7amento Coletivo de livros para as inf\u00e2ncias: Franklin Costa, Analu leite, Anna L\u00edvia Ribeiro, Geomara Moreno, Liz Feitosa Lona, L\u00edgia Mendes e Fabiana Val\u00e9ria.<br \/>\nP\u00fablico: aberto \u00e0 comunidade<\/p>\n<p><img loading=\"lazy\" class=\"aligncenter size-full wp-image-13552\" src=\"https:\/\/www.cacauechocolate.com.br\/v1\/wp-content\/uploads\/2025\/10\/PHOTO-2025-10-08-11-32-31.jpg\" alt=\"\" width=\"331\" height=\"260\" \/><\/p>\n<p>Encerramento na Feira Rua Viva<br \/>\nO encerramento do festival ser\u00e1 no s\u00e1bado, 11 de outubro, durante a edi\u00e7\u00e3o de primavera da Feira Cultural Rua Viva, na Pra\u00e7a Rui Barbosa, das 17h \u00e0s 21h. Nesse dia, o FILIN contar\u00e1 com um estande para exposi\u00e7\u00e3o e venda de livros de autores da regi\u00e3o, al\u00e9m de media\u00e7\u00e3o de leitura e declama\u00e7\u00e3o de cordel.<\/p>\n<p>A\u00e7\u00f5es afirmativas e parcerias<br \/>\nO FILIN \u00e9 um projeto contemplado no Edital da Pol\u00edtica Nacional Aldir Blanc \u2013 PNAB\/Ilh\u00e9us, com apoio da Prefeitura Municipal de Ilh\u00e9us, por meio da Secretaria de Cultura, com recursos do Minist\u00e9rio da Cultura \u2013 Governo Federal.<br \/>\nAl\u00e9m do financiamento p\u00fablico, o festival conta com apoio de parceiros locais, como a Academia de Letras de Ilh\u00e9us, Feira Rua Viva, Papelaria Palavra M\u00e1gica, Editus \u2013 Editora da UESC, Via Literarum, entre outros colaboradores que contribu\u00edram com livros, brindes e apoio institucional.<br \/>\nMais do que um evento, o FILIN reafirma o compromisso com a democratiza\u00e7\u00e3o da leitura, o incentivo \u00e0 produ\u00e7\u00e3o liter\u00e1ria local e o reconhecimento da inf\u00e2ncia como territ\u00f3rio de cria\u00e7\u00e3o e escuta.<\/p>\n","protected":false},"excerpt":{"rendered":"<p>De 9 a 11 de outubro, Ilh\u00e9us recebe a segunda edi\u00e7\u00e3o do FILIN \u2013 Festival Ilheense de Literatura para as Inf\u00e2ncias, um projeto liter\u00e1rio que visa aproximar crian\u00e7as, adolescentes, educadores e escritores por meio da leitura, da escuta e da palavra sens\u00edvel. A iniciativa \u00e9 idealizada pelas escritoras e produtoras culturais Luh Oliveira e Elisa [&hellip;]<\/p>\n","protected":false},"author":2,"featured_media":180725,"comment_status":"open","ping_status":"open","sticky":false,"template":"","format":"standard","meta":{"_links_to":"","_links_to_target":""},"categories":[33432],"tags":[40858,218],"_links":{"self":[{"href":"https:\/\/www.blogdothame.blog.br\/v1\/wp-json\/wp\/v2\/posts\/180686"}],"collection":[{"href":"https:\/\/www.blogdothame.blog.br\/v1\/wp-json\/wp\/v2\/posts"}],"about":[{"href":"https:\/\/www.blogdothame.blog.br\/v1\/wp-json\/wp\/v2\/types\/post"}],"author":[{"embeddable":true,"href":"https:\/\/www.blogdothame.blog.br\/v1\/wp-json\/wp\/v2\/users\/2"}],"replies":[{"embeddable":true,"href":"https:\/\/www.blogdothame.blog.br\/v1\/wp-json\/wp\/v2\/comments?post=180686"}],"version-history":[{"count":3,"href":"https:\/\/www.blogdothame.blog.br\/v1\/wp-json\/wp\/v2\/posts\/180686\/revisions"}],"predecessor-version":[{"id":180728,"href":"https:\/\/www.blogdothame.blog.br\/v1\/wp-json\/wp\/v2\/posts\/180686\/revisions\/180728"}],"wp:featuredmedia":[{"embeddable":true,"href":"https:\/\/www.blogdothame.blog.br\/v1\/wp-json\/wp\/v2\/media\/180725"}],"wp:attachment":[{"href":"https:\/\/www.blogdothame.blog.br\/v1\/wp-json\/wp\/v2\/media?parent=180686"}],"wp:term":[{"taxonomy":"category","embeddable":true,"href":"https:\/\/www.blogdothame.blog.br\/v1\/wp-json\/wp\/v2\/categories?post=180686"},{"taxonomy":"post_tag","embeddable":true,"href":"https:\/\/www.blogdothame.blog.br\/v1\/wp-json\/wp\/v2\/tags?post=180686"}],"curies":[{"name":"wp","href":"https:\/\/api.w.org\/{rel}","templated":true}]}}