{"id":179964,"date":"2025-09-20T11:00:19","date_gmt":"2025-09-20T14:00:19","guid":{"rendered":"https:\/\/www.blogdothame.blog.br\/v1\/?p=179964"},"modified":"2025-09-20T09:22:23","modified_gmt":"2025-09-20T12:22:23","slug":"autismo-quando-o-olhar-atento-faz-toda-a-diferenca","status":"publish","type":"post","link":"https:\/\/www.blogdothame.blog.br\/v1\/2025\/09\/20\/autismo-quando-o-olhar-atento-faz-toda-a-diferenca\/","title":{"rendered":"Autismo: quando o olhar atento faz toda a diferen\u00e7a"},"content":{"rendered":"<p><img loading=\"lazy\" class=\"aligncenter wp-image-179966\" src=\"https:\/\/www.blogdothame.blog.br\/v1\/wp-content\/uploads\/2025\/09\/PHOTO-2025-09-16-09-54-56.jpg\" alt=\"\" width=\"326\" height=\"326\" srcset=\"https:\/\/www.blogdothame.blog.br\/v1\/wp-content\/uploads\/2025\/09\/PHOTO-2025-09-16-09-54-56.jpg 512w, https:\/\/www.blogdothame.blog.br\/v1\/wp-content\/uploads\/2025\/09\/PHOTO-2025-09-16-09-54-56-300x300.jpg 300w, https:\/\/www.blogdothame.blog.br\/v1\/wp-content\/uploads\/2025\/09\/PHOTO-2025-09-16-09-54-56-150x150.jpg 150w\" sizes=\"(max-width: 326px) 100vw, 326px\" \/><\/p>\n<p style=\"text-align: right;\"><strong>Dra. Thayane Mara Reis da Encarna\u00e7\u00e3o<\/strong><\/p>\n<p>&nbsp;<\/p>\n<p><img loading=\"lazy\" class=\"alignright wp-image-179965\" src=\"https:\/\/www.blogdothame.blog.br\/v1\/wp-content\/uploads\/2025\/09\/PHOTO-2025-09-15-20-52-43.jpg\" alt=\"\" width=\"221\" height=\"332\" srcset=\"https:\/\/www.blogdothame.blog.br\/v1\/wp-content\/uploads\/2025\/09\/PHOTO-2025-09-15-20-52-43.jpg 366w, https:\/\/www.blogdothame.blog.br\/v1\/wp-content\/uploads\/2025\/09\/PHOTO-2025-09-15-20-52-43-200x300.jpg 200w\" sizes=\"(max-width: 221px) 100vw, 221px\" \/>O autismo, ou Transtorno do Espectro Autista (TEA), \u00e9 uma condi\u00e7\u00e3o que afeta a forma como a crian\u00e7a se comunica, interage e percebe o mundo ao seu redor. \u00c9 uma forma \u00fanica de ser e de se expressar \u2014 e, quanto antes for identificado, melhor ser\u00e1 o caminho para apoiar o desenvolvimento dessa crian\u00e7a.<\/p>\n<p>Muitos pais chegam ao consult\u00f3rio com d\u00favidas: \u201cMeu filho fala pouco\u201d, \u201cN\u00e3o olha nos olhos\u201d, \u201cParece que vive no mundo dele\u201d. Esses sinais, que muitas vezes s\u00e3o vistos como \u201ccoisas da idade\u201d, podem indicar algo que merece aten\u00e7\u00e3o.<\/p>\n<p>Como pediatra, sempre digo que n\u00e3o existe crian\u00e7a igual a outra \u2014 e isso vale tamb\u00e9m para o autismo. Algumas crian\u00e7as s\u00e3o mais quietas, outras muito falantes. Algumas t\u00eam dificuldades sensoriais, outras se destacam em \u00e1reas espec\u00edficas como m\u00fasica ou memoriza\u00e7\u00e3o. Por isso, o diagn\u00f3stico \u00e9 sempre feito com cuidado, por uma equipe especializada, e nunca baseado em um \u00fanico comportamento.<\/p>\n<p>O mais importante \u00e9 que os pais n\u00e3o sintam culpa. O autismo n\u00e3o \u00e9 causado por algo que \u201cse fez ou deixou de fazer\u201d. Tamb\u00e9m n\u00e3o \u00e9 o fim de um sonho. Pelo contr\u00e1rio: \u00e9 o in\u00edcio de uma nova jornada, cheia de descobertas, possibilidades e amor.<\/p>\n<p>O papel do pediatra \u00e9, antes de tudo, acolher. \u00c9 olhar com aten\u00e7\u00e3o, escutar sem julgamentos e orientar com responsabilidade. Porque quando a gente entende, a gente cuida melhor.<\/p>\n<p>Autismo n\u00e3o \u00e9 sin\u00f4nimo de limita\u00e7\u00e3o. \u00c9 apenas uma forma diferente de ver e viver o mundo. E toda crian\u00e7a, autista ou n\u00e3o, merece ser compreendida, estimulada e amada exatamente como \u00e9.<\/p>\n<p>&#8211;<\/p>\n<p><em>A Dra. Thayane Mara Reis da Encarna\u00e7\u00e3o \u00e9 Pediatra e P\u00f3s Gaduada em Neuropediatria pela Afya. Bacharel no Curso de Medicina na UFF- Universidade Federal Fluminense no Rio de Janeiro em 2005. T\u00edtulo de Especialista em Pediatria pela Sociedade Brasileira de Pediatria-SBP-RQE 28179, Resid\u00eancia em Ginecologia e Obstetr\u00edcia pela Santa Casa de Miseric\u00f3rdia de Itabuna, P\u00f3s Graduada em Neuropediatria pela Afya e \u00a0docente do Curso de Medicina da AFYA Itabuna, desde janeiro de 2024<\/em>.<\/p>\n<p>&nbsp;<\/p>\n","protected":false},"excerpt":{"rendered":"<p>Dra. Thayane Mara Reis da Encarna\u00e7\u00e3o &nbsp; O autismo, ou Transtorno do Espectro Autista (TEA), \u00e9 uma condi\u00e7\u00e3o que afeta a forma como a crian\u00e7a se comunica, interage e percebe o mundo ao seu redor. \u00c9 uma forma \u00fanica de ser e de se expressar \u2014 e, quanto antes for identificado, melhor ser\u00e1 o caminho [&hellip;]<\/p>\n","protected":false},"author":2,"featured_media":179966,"comment_status":"open","ping_status":"open","sticky":false,"template":"","format":"standard","meta":{"_links_to":"","_links_to_target":""},"categories":[33433],"tags":[40686,40687],"_links":{"self":[{"href":"https:\/\/www.blogdothame.blog.br\/v1\/wp-json\/wp\/v2\/posts\/179964"}],"collection":[{"href":"https:\/\/www.blogdothame.blog.br\/v1\/wp-json\/wp\/v2\/posts"}],"about":[{"href":"https:\/\/www.blogdothame.blog.br\/v1\/wp-json\/wp\/v2\/types\/post"}],"author":[{"embeddable":true,"href":"https:\/\/www.blogdothame.blog.br\/v1\/wp-json\/wp\/v2\/users\/2"}],"replies":[{"embeddable":true,"href":"https:\/\/www.blogdothame.blog.br\/v1\/wp-json\/wp\/v2\/comments?post=179964"}],"version-history":[{"count":2,"href":"https:\/\/www.blogdothame.blog.br\/v1\/wp-json\/wp\/v2\/posts\/179964\/revisions"}],"predecessor-version":[{"id":179971,"href":"https:\/\/www.blogdothame.blog.br\/v1\/wp-json\/wp\/v2\/posts\/179964\/revisions\/179971"}],"wp:featuredmedia":[{"embeddable":true,"href":"https:\/\/www.blogdothame.blog.br\/v1\/wp-json\/wp\/v2\/media\/179966"}],"wp:attachment":[{"href":"https:\/\/www.blogdothame.blog.br\/v1\/wp-json\/wp\/v2\/media?parent=179964"}],"wp:term":[{"taxonomy":"category","embeddable":true,"href":"https:\/\/www.blogdothame.blog.br\/v1\/wp-json\/wp\/v2\/categories?post=179964"},{"taxonomy":"post_tag","embeddable":true,"href":"https:\/\/www.blogdothame.blog.br\/v1\/wp-json\/wp\/v2\/tags?post=179964"}],"curies":[{"name":"wp","href":"https:\/\/api.w.org\/{rel}","templated":true}]}}