{"id":17957,"date":"2013-03-19T09:14:49","date_gmt":"2013-03-19T12:14:49","guid":{"rendered":"http:\/\/www.blogdothame.blog.br\/v1\/?p=17957"},"modified":"2013-03-19T09:14:49","modified_gmt":"2013-03-19T12:14:49","slug":"dilma-no-vaticano-e-bom-ter-um-papa-preocupado-com-os-pobres","status":"publish","type":"post","link":"https:\/\/www.blogdothame.blog.br\/v1\/2013\/03\/19\/dilma-no-vaticano-e-bom-ter-um-papa-preocupado-com-os-pobres\/","title":{"rendered":"Dilma no Vaticano: \u201c\u00e9 bom ter um Papa preocupado com os pobres\u201d"},"content":{"rendered":"<p><a href=\"http:\/\/www.blogdothame.blog.br\/v1\/wp-content\/uploads\/2013\/03\/dilma-e-o-papa.jpg\"><img loading=\"lazy\" class=\"alignleft size-full wp-image-17958\" title=\"dilma e o papa\" src=\"http:\/\/www.blogdothame.blog.br\/v1\/wp-content\/uploads\/2013\/03\/dilma-e-o-papa.jpg\" alt=\"\" width=\"300\" height=\"200\" \/><\/a>\u00a0(agencia Brasil-Vaticano) A presidenta Dilma Rousseff se encontrou hoje (19) com o papa Francisco por alguns minutos. Os dois conversaram, na fila de cumprimentos, ap\u00f3s a cerim\u00f4nia que marca o come\u00e7o do pontificado. Antes do encontro, a presidenta disse que sua inten\u00e7\u00e3o era conversar com Francisco sobre o combate \u00e0 pobreza e \u00e0 fome no mundo.<\/p>\n<p>Dilma elogiou o empenho do papa em dar prioridade aos pobres. Ela ressaltou ontem que o papa Francisco \u201ctem um papel importante a cumprir\u201d.\u201c\u00c9 uma postura importante\u201d, disse ela, referindo-se \u00e0 preocupa\u00e7\u00e3o dele com os pobres.<\/p>\n<p>Em seguida, a presidenta acrescentou: \u201c\u00c9 claro que o mundo pede hoje al\u00e9m disso [da preocupa\u00e7\u00e3o com os pobres] que as pessoas sejam compreendidas e que as op\u00e7\u00f5es diferenciadas das pessoas sejam compreendidas\u201d.<\/p>\n<p>A presidenta lembrou que os ensinamentos de Jesus Cristo devem ser colocados em pr\u00e1tica. \u201cAcho que \u00e9 um papa preocupado com a quest\u00e3o dos pobres no mundo. O papa tem um papel especial e eu acho que ele cumpre, vamos dizer assim, os princ\u00edpios b\u00e1sicos que inspiraram o cristianismo e que inspiraram Cristo\u201d, ressaltou Dilma.<\/p>\n","protected":false},"excerpt":{"rendered":"<p>\u00a0(agencia Brasil-Vaticano) A presidenta Dilma Rousseff se encontrou hoje (19) com o papa Francisco por alguns minutos. Os dois conversaram, na fila de cumprimentos, ap\u00f3s a cerim\u00f4nia que marca o come\u00e7o do pontificado. Antes do encontro, a presidenta disse que sua inten\u00e7\u00e3o era conversar com Francisco sobre o combate \u00e0 pobreza e \u00e0 fome no [&hellip;]<\/p>\n","protected":false},"author":2,"featured_media":0,"comment_status":"open","ping_status":"open","sticky":false,"template":"","format":"standard","meta":{"_links_to":"","_links_to_target":""},"categories":[1],"tags":[361,6377,6328],"_links":{"self":[{"href":"https:\/\/www.blogdothame.blog.br\/v1\/wp-json\/wp\/v2\/posts\/17957"}],"collection":[{"href":"https:\/\/www.blogdothame.blog.br\/v1\/wp-json\/wp\/v2\/posts"}],"about":[{"href":"https:\/\/www.blogdothame.blog.br\/v1\/wp-json\/wp\/v2\/types\/post"}],"author":[{"embeddable":true,"href":"https:\/\/www.blogdothame.blog.br\/v1\/wp-json\/wp\/v2\/users\/2"}],"replies":[{"embeddable":true,"href":"https:\/\/www.blogdothame.blog.br\/v1\/wp-json\/wp\/v2\/comments?post=17957"}],"version-history":[{"count":1,"href":"https:\/\/www.blogdothame.blog.br\/v1\/wp-json\/wp\/v2\/posts\/17957\/revisions"}],"predecessor-version":[{"id":17959,"href":"https:\/\/www.blogdothame.blog.br\/v1\/wp-json\/wp\/v2\/posts\/17957\/revisions\/17959"}],"wp:attachment":[{"href":"https:\/\/www.blogdothame.blog.br\/v1\/wp-json\/wp\/v2\/media?parent=17957"}],"wp:term":[{"taxonomy":"category","embeddable":true,"href":"https:\/\/www.blogdothame.blog.br\/v1\/wp-json\/wp\/v2\/categories?post=17957"},{"taxonomy":"post_tag","embeddable":true,"href":"https:\/\/www.blogdothame.blog.br\/v1\/wp-json\/wp\/v2\/tags?post=17957"}],"curies":[{"name":"wp","href":"https:\/\/api.w.org\/{rel}","templated":true}]}}