{"id":179497,"date":"2025-09-03T11:30:04","date_gmt":"2025-09-03T14:30:04","guid":{"rendered":"https:\/\/www.blogdothame.blog.br\/v1\/?p=179497"},"modified":"2025-09-03T09:36:03","modified_gmt":"2025-09-03T12:36:03","slug":"itabuna-tem-representantes-no-11o-congresso-consems-bahia","status":"publish","type":"post","link":"https:\/\/www.blogdothame.blog.br\/v1\/2025\/09\/03\/itabuna-tem-representantes-no-11o-congresso-consems-bahia\/","title":{"rendered":"Itabuna tem representantes no 11\u00ba Congresso CONSEMS Bahia"},"content":{"rendered":"<p><img loading=\"lazy\" class=\"aligncenter wp-image-179498\" src=\"https:\/\/www.blogdothame.blog.br\/v1\/wp-content\/uploads\/2025\/09\/tab-tab-2.jpeg\" alt=\"\" width=\"393\" height=\"247\" srcset=\"https:\/\/www.blogdothame.blog.br\/v1\/wp-content\/uploads\/2025\/09\/tab-tab-2.jpeg 479w, https:\/\/www.blogdothame.blog.br\/v1\/wp-content\/uploads\/2025\/09\/tab-tab-2-300x189.jpeg 300w\" sizes=\"(max-width: 393px) 100vw, 393px\" \/>A Prefeitura de Itabuna est\u00e1 sendo representada no maior encontro de sa\u00fade p\u00fablica da Bahia, em Salvador: o 11\u00ba Conselho dos Secret\u00e1rios Municipais de Sa\u00fade da Bahia (CONSEMS Bahia), que acontece no Gran Hotel Stella Maris. Desde o domingo passado, dia 31, o evento, que se encerra nesta ter\u00e7a-feira, dia 2, tem a participa\u00e7\u00e3o da secret\u00e1ria municipal de Sa\u00fade, L\u00edvia Mendes Aguiar.<\/p>\n<p><img loading=\"lazy\" class=\"alignleft wp-image-179499\" src=\"https:\/\/www.blogdothame.blog.br\/v1\/wp-content\/uploads\/2025\/09\/tab-tab.jpeg\" alt=\"\" width=\"294\" height=\"340\" srcset=\"https:\/\/www.blogdothame.blog.br\/v1\/wp-content\/uploads\/2025\/09\/tab-tab.jpeg 354w, https:\/\/www.blogdothame.blog.br\/v1\/wp-content\/uploads\/2025\/09\/tab-tab-260x300.jpeg 260w\" sizes=\"(max-width: 294px) 100vw, 294px\" \/>Com o tema \u201cO SUS e o CONSEMS t\u00eam a nossa digital\u201d, o evento re\u00fane especialistas nacionais e internacionais em Sa\u00fade P\u00fablica, al\u00e9m de representantes de secretarias municipais de Sa\u00fade de toda a Bahia, dentre eles: t\u00e9cnicos, gestores e parceiros da para discutir a\u00e7\u00f5es que fortale\u00e7am as a\u00e7\u00f5es das gest\u00f5es municipais.<\/p>\n<p>Entre os temas em debate est\u00e3o: financiamento, regionaliza\u00e7\u00e3o, sa\u00fade digital, judicializa\u00e7\u00e3o e mudan\u00e7as clim\u00e1ticas. Vale lembrar que o CONSEMS \u00e9 promovido pelo Conselho Estadual de Secret\u00e1rios Municipais de Sa\u00fade da Bahia, com o apoio do Conselho Nacional de Secretarias Municipais de Sa\u00fade, Minist\u00e9rio da Sa\u00fade, Prefeitura de Salvador e Secretaria Estadual de Sa\u00fade da Bahia (SESAB).<\/p>\n<p>Itabuna foi destaque no evento ao apresentar dois trabalhos e ganhar o Pr\u00eamio Irm\u00e3 Dulce. S\u00e3o eles: \u201cQualifica\u00e7\u00e3o Interprofissional no acolhimento de novos trabalhadores na Rede de Sa\u00fade Mental\u201d, tendo como autores profissionais da Unidade de Sa\u00fade Mental (CAPS), e \u201cPor Ela, Com Ela, Juntos pela Vida\u201d, de autoria da fisioterapeuta Roberta Leane, do Centro de Desenvolvimento e Reabilita\u00e7\u00e3o Humana (CREADH).<\/p>\n<p><!--more--><\/p>\n<p>Na sua participa\u00e7\u00e3o, a secret\u00e1ria L\u00edvia Mendes Aguiar moderou uma mesa-redonda sobre \u201cA import\u00e2ncia do registro de \u00f3bito para gest\u00e3o p\u00fablica\u201d, juntamente com representantes do SVO\/SUVISA. Al\u00e9m da secret\u00e1ria, tamb\u00e9m participaram a subsecret\u00e1ria de Sa\u00fade, L\u00e2nia Peixoto, a diretora do Departamento de M\u00e9dia e Alta Complexidade, enfermeira Rafaela Caldas, e a coordenadora de Planejamento da Secretaria Municipal de Sa\u00fade, Roberto Fulg\u00eancio.<\/p>\n","protected":false},"excerpt":{"rendered":"<p>A Prefeitura de Itabuna est\u00e1 sendo representada no maior encontro de sa\u00fade p\u00fablica da Bahia, em Salvador: o 11\u00ba Conselho dos Secret\u00e1rios Municipais de Sa\u00fade da Bahia (CONSEMS Bahia), que acontece no Gran Hotel Stella Maris. Desde o domingo passado, dia 31, o evento, que se encerra nesta ter\u00e7a-feira, dia 2, tem a participa\u00e7\u00e3o da [&hellip;]<\/p>\n","protected":false},"author":2,"featured_media":179498,"comment_status":"open","ping_status":"open","sticky":false,"template":"","format":"standard","meta":{"_links_to":"","_links_to_target":""},"categories":[1],"tags":[40583,39],"_links":{"self":[{"href":"https:\/\/www.blogdothame.blog.br\/v1\/wp-json\/wp\/v2\/posts\/179497"}],"collection":[{"href":"https:\/\/www.blogdothame.blog.br\/v1\/wp-json\/wp\/v2\/posts"}],"about":[{"href":"https:\/\/www.blogdothame.blog.br\/v1\/wp-json\/wp\/v2\/types\/post"}],"author":[{"embeddable":true,"href":"https:\/\/www.blogdothame.blog.br\/v1\/wp-json\/wp\/v2\/users\/2"}],"replies":[{"embeddable":true,"href":"https:\/\/www.blogdothame.blog.br\/v1\/wp-json\/wp\/v2\/comments?post=179497"}],"version-history":[{"count":1,"href":"https:\/\/www.blogdothame.blog.br\/v1\/wp-json\/wp\/v2\/posts\/179497\/revisions"}],"predecessor-version":[{"id":179500,"href":"https:\/\/www.blogdothame.blog.br\/v1\/wp-json\/wp\/v2\/posts\/179497\/revisions\/179500"}],"wp:featuredmedia":[{"embeddable":true,"href":"https:\/\/www.blogdothame.blog.br\/v1\/wp-json\/wp\/v2\/media\/179498"}],"wp:attachment":[{"href":"https:\/\/www.blogdothame.blog.br\/v1\/wp-json\/wp\/v2\/media?parent=179497"}],"wp:term":[{"taxonomy":"category","embeddable":true,"href":"https:\/\/www.blogdothame.blog.br\/v1\/wp-json\/wp\/v2\/categories?post=179497"},{"taxonomy":"post_tag","embeddable":true,"href":"https:\/\/www.blogdothame.blog.br\/v1\/wp-json\/wp\/v2\/tags?post=179497"}],"curies":[{"name":"wp","href":"https:\/\/api.w.org\/{rel}","templated":true}]}}