{"id":179445,"date":"2025-09-02T08:59:13","date_gmt":"2025-09-02T11:59:13","guid":{"rendered":"https:\/\/www.blogdothame.blog.br\/v1\/?p=179445"},"modified":"2025-09-02T08:59:13","modified_gmt":"2025-09-02T11:59:13","slug":"jeandro-ribeiro-recebe-titulo-de-cidadao-conquistense-durante-audiencia-publica","status":"publish","type":"post","link":"https:\/\/www.blogdothame.blog.br\/v1\/2025\/09\/02\/jeandro-ribeiro-recebe-titulo-de-cidadao-conquistense-durante-audiencia-publica\/","title":{"rendered":"Jeandro Ribeiro recebe t\u00edtulo de Cidad\u00e3o Conquistense durante audi\u00eancia p\u00fablica"},"content":{"rendered":"<p><img loading=\"lazy\" class=\"aligncenter  wp-image-179446\" src=\"https:\/\/www.blogdothame.blog.br\/v1\/wp-content\/uploads\/2025\/09\/Jeandro-Ribeiro-recebe-titulo-de-Cidadao-Conquistense-durante-audiencia-publica-2.jpeg\" alt=\"\" width=\"407\" height=\"208\" srcset=\"https:\/\/www.blogdothame.blog.br\/v1\/wp-content\/uploads\/2025\/09\/Jeandro-Ribeiro-recebe-titulo-de-Cidadao-Conquistense-durante-audiencia-publica-2.jpeg 599w, https:\/\/www.blogdothame.blog.br\/v1\/wp-content\/uploads\/2025\/09\/Jeandro-Ribeiro-recebe-titulo-de-Cidadao-Conquistense-durante-audiencia-publica-2-300x153.jpeg 300w\" sizes=\"(max-width: 407px) 100vw, 407px\" \/>O diretor-presidente da Companhia de Desenvolvimento e A\u00e7\u00e3o Regional (CAR), Jeandro Ribeiro, recebeu nesta segunda-feira (1\u00ba) o T\u00edtulo de Cidad\u00e3o Conquistense. A solenidade aconteceu durante a audi\u00eancia p\u00fablica realizada no plen\u00e1rio da C\u00e2mara Municipal de Vit\u00f3ria da Conquista, que debateu o tema \u201cO papel do associativismo no desenvolvimento econ\u00f4mico e social do munic\u00edpio\u201d.<\/p>\n<p><img loading=\"lazy\" class=\"aligncenter  wp-image-179447\" src=\"https:\/\/www.blogdothame.blog.br\/v1\/wp-content\/uploads\/2025\/09\/Jeandro-Ribeiro-recebe-titulo-de-Cidadao-Conquistense-durante-audiencia-publica-3.jpeg\" alt=\"\" width=\"403\" height=\"302\" srcset=\"https:\/\/www.blogdothame.blog.br\/v1\/wp-content\/uploads\/2025\/09\/Jeandro-Ribeiro-recebe-titulo-de-Cidadao-Conquistense-durante-audiencia-publica-3.jpeg 600w, https:\/\/www.blogdothame.blog.br\/v1\/wp-content\/uploads\/2025\/09\/Jeandro-Ribeiro-recebe-titulo-de-Cidadao-Conquistense-durante-audiencia-publica-3-300x225.jpeg 300w\" sizes=\"(max-width: 403px) 100vw, 403px\" \/><br \/>\nEm seu discurso, Jeandro expressou a alegria de ser homenageado em Vit\u00f3ria da Conquista, munic\u00edpio de grande relev\u00e2ncia para a Bahia pelo seu potencial produtivo. \u201cQuero agradecer a todos os vereadores pelo recebimento da mais alta honraria que a C\u00e2mara pode conceder. Recebi com muito carinho, amor e responsabilidade para estar junto, cada vez mais, com voc\u00eas. N\u00e3o s\u00f3 para fortalecer a agricultura familiar de Vit\u00f3ria da Conquista, mas de todo o Sudoeste baiano\u201d, afirmou.<\/p>\n<p><img loading=\"lazy\" class=\"aligncenter  wp-image-179448\" src=\"https:\/\/www.blogdothame.blog.br\/v1\/wp-content\/uploads\/2025\/09\/Jeandro-Ribeiro-recebe-titulo-de-Cidadao-Conquistense-durante-audiencia-publica.jpeg\" alt=\"\" width=\"418\" height=\"242\" srcset=\"https:\/\/www.blogdothame.blog.br\/v1\/wp-content\/uploads\/2025\/09\/Jeandro-Ribeiro-recebe-titulo-de-Cidadao-Conquistense-durante-audiencia-publica.jpeg 576w, https:\/\/www.blogdothame.blog.br\/v1\/wp-content\/uploads\/2025\/09\/Jeandro-Ribeiro-recebe-titulo-de-Cidadao-Conquistense-durante-audiencia-publica-300x174.jpeg 300w\" sizes=\"(max-width: 418px) 100vw, 418px\" \/><\/p>\n<p>A homenagem foi uma iniciativa do vereador Ricardo Bab\u00e3o, que destacou a atua\u00e7\u00e3o incans\u00e1vel de Jeandro em prol do desenvolvimento rural baiano, especialmente na regi\u00e3o Sudoeste. \u201cQuando temos pessoas como Jeandro, que v\u00eam para somar na luta e na batalha a favor do homem do campo, precisamos reconhecer. Conquista est\u00e1 feliz em hoje t\u00ea-lo como cidad\u00e3o conquistense\u201d, declarou.<\/p>\n<p><!--more--><\/p>\n<p>\u00c0 frente da CAR, Jeandro Ribeiro tem conduzido projetos estrat\u00e9gicos voltados \u00e0 agricultura familiar, \u00e0 seguran\u00e7a alimentar e ao desenvolvimento rural sustent\u00e1vel em toda a Bahia, com impactos significativos tamb\u00e9m em Vit\u00f3ria da Conquista e regi\u00e3o.<\/p>\n<p>Reconhecimento dos movimentos sociais<\/p>\n<p><img loading=\"lazy\" class=\"aligncenter  wp-image-179449\" src=\"https:\/\/www.blogdothame.blog.br\/v1\/wp-content\/uploads\/2025\/09\/Jeandro-Ribeiro-recebe-titulo-de-Cidadao-Conquistense-durante-audiencia-publica-4.jpeg\" alt=\"\" width=\"426\" height=\"284\" srcset=\"https:\/\/www.blogdothame.blog.br\/v1\/wp-content\/uploads\/2025\/09\/Jeandro-Ribeiro-recebe-titulo-de-Cidadao-Conquistense-durante-audiencia-publica-4.jpeg 600w, https:\/\/www.blogdothame.blog.br\/v1\/wp-content\/uploads\/2025\/09\/Jeandro-Ribeiro-recebe-titulo-de-Cidadao-Conquistense-durante-audiencia-publica-4-300x200.jpeg 300w\" sizes=\"(max-width: 426px) 100vw, 426px\" \/><\/p>\n<p>Representantes de organiza\u00e7\u00f5es sociais tamb\u00e9m celebraram a homenagem. Para Clim\u00e9rio da Silva, secret\u00e1rio executivo do Centro de Conviv\u00eancia e Desenvolvimento Agroecol\u00f3gico do Sudoeste da Bahia (Cedasb), o t\u00edtulo foi mais que justo. \u201cJeandro tem uma relev\u00e2ncia singular, \u00e9 uma pessoa que dedica a vida \u00e0 agricultura familiar. Homenagem mais que merecida\u201d, destacou.<\/p>\n<p>J\u00e1 Rita Rodrigues, coordenadora do Colegiado Territorial (Codeter), ressaltou a import\u00e2ncia do debate promovido durante a audi\u00eancia p\u00fablica. \u201cEssa audi\u00eancia sobre associativismo e desenvolvimento rural aconteceu no dia certo. Jeandro \u00e9 um gestor comprometido, dedicado e apaixonado pelo trabalho com pol\u00edticas p\u00fablicas para o campo. Receber o t\u00edtulo de cidad\u00e3o conquistense nesse momento \u00e9 extremamente simb\u00f3lico\u201d, afirmou.<\/p>\n<p>Fotos: Andr\u00e9 Frutu\u00f4so\/ASCOM CAR<\/p>\n","protected":false},"excerpt":{"rendered":"<p>O diretor-presidente da Companhia de Desenvolvimento e A\u00e7\u00e3o Regional (CAR), Jeandro Ribeiro, recebeu nesta segunda-feira (1\u00ba) o T\u00edtulo de Cidad\u00e3o Conquistense. A solenidade aconteceu durante a audi\u00eancia p\u00fablica realizada no plen\u00e1rio da C\u00e2mara Municipal de Vit\u00f3ria da Conquista, que debateu o tema \u201cO papel do associativismo no desenvolvimento econ\u00f4mico e social do munic\u00edpio\u201d. Em seu [&hellip;]<\/p>\n","protected":false},"author":2,"featured_media":179446,"comment_status":"open","ping_status":"open","sticky":false,"template":"","format":"standard","meta":{"_links_to":"","_links_to_target":""},"categories":[33433],"tags":[40563,3012,22376,625],"_links":{"self":[{"href":"https:\/\/www.blogdothame.blog.br\/v1\/wp-json\/wp\/v2\/posts\/179445"}],"collection":[{"href":"https:\/\/www.blogdothame.blog.br\/v1\/wp-json\/wp\/v2\/posts"}],"about":[{"href":"https:\/\/www.blogdothame.blog.br\/v1\/wp-json\/wp\/v2\/types\/post"}],"author":[{"embeddable":true,"href":"https:\/\/www.blogdothame.blog.br\/v1\/wp-json\/wp\/v2\/users\/2"}],"replies":[{"embeddable":true,"href":"https:\/\/www.blogdothame.blog.br\/v1\/wp-json\/wp\/v2\/comments?post=179445"}],"version-history":[{"count":1,"href":"https:\/\/www.blogdothame.blog.br\/v1\/wp-json\/wp\/v2\/posts\/179445\/revisions"}],"predecessor-version":[{"id":179450,"href":"https:\/\/www.blogdothame.blog.br\/v1\/wp-json\/wp\/v2\/posts\/179445\/revisions\/179450"}],"wp:featuredmedia":[{"embeddable":true,"href":"https:\/\/www.blogdothame.blog.br\/v1\/wp-json\/wp\/v2\/media\/179446"}],"wp:attachment":[{"href":"https:\/\/www.blogdothame.blog.br\/v1\/wp-json\/wp\/v2\/media?parent=179445"}],"wp:term":[{"taxonomy":"category","embeddable":true,"href":"https:\/\/www.blogdothame.blog.br\/v1\/wp-json\/wp\/v2\/categories?post=179445"},{"taxonomy":"post_tag","embeddable":true,"href":"https:\/\/www.blogdothame.blog.br\/v1\/wp-json\/wp\/v2\/tags?post=179445"}],"curies":[{"name":"wp","href":"https:\/\/api.w.org\/{rel}","templated":true}]}}