{"id":179196,"date":"2025-08-25T07:10:09","date_gmt":"2025-08-25T10:10:09","guid":{"rendered":"https:\/\/www.blogdothame.blog.br\/v1\/?p=179196"},"modified":"2025-08-25T09:13:51","modified_gmt":"2025-08-25T12:13:51","slug":"chris-gurgel-eleita-pelo-conselho-da-oab-ba-na-lista-para-o-quinto-constitucional-da-advocacia","status":"publish","type":"post","link":"https:\/\/www.blogdothame.blog.br\/v1\/2025\/08\/25\/chris-gurgel-eleita-pelo-conselho-da-oab-ba-na-lista-para-o-quinto-constitucional-da-advocacia\/","title":{"rendered":"Chris Gurgel eleita pelo Conselho da OAB-BA na lista para o Quinto Constitucional da Advocacia"},"content":{"rendered":"<p><img loading=\"lazy\" class=\"alignright size-full wp-image-179198\" src=\"https:\/\/www.blogdothame.blog.br\/v1\/wp-content\/uploads\/2025\/08\/PHOTO-2025-08-23-09-43-27-1.jpg\" alt=\"\" width=\"283\" height=\"340\" srcset=\"https:\/\/www.blogdothame.blog.br\/v1\/wp-content\/uploads\/2025\/08\/PHOTO-2025-08-23-09-43-27-1.jpg 283w, https:\/\/www.blogdothame.blog.br\/v1\/wp-content\/uploads\/2025\/08\/PHOTO-2025-08-23-09-43-27-1-250x300.jpg 250w\" sizes=\"(max-width: 283px) 100vw, 283px\" \/>A advogada trabalhista e professora de Direito do Trabalho, Christianne Gurgel foi eleita, nesta sexta-feira (22), pelo Conselho da Ordem dos Advogados do Brasil Se\u00e7\u00e3o Bahia (OAB-BA), um dos onze candidatos e candidatas que seguem na disputa no Quinto Constitucional da Advocacia do Tribunal Regional do Trabalho da 5\u00aa Regi\u00e3o (TRT5) \u2013 Bahia. Ela foi a candidata mais votada com 99 votos.<\/p>\n<p>\u201cRecebo este resultado com muita satisfa\u00e7\u00e3o, mas tamb\u00e9m com uma responsabilidade redobrada. Agora, devemos seguir com este pleito democr\u00e1tico, dialogando com os colegas e nos comprometendo, ainda mais, junto a toda \u00e0 classe da advocacia em nosso estado\u201d, destacou Chris Gurgel.<\/p>\n<p>Em sess\u00e3o p\u00fablica do Conselho da OAB-BA, os candidatos e candidatas foram submetidos a uma sabatina e ao final os 119 conselheiros, que participaram da sess\u00e3o, escolheram os nomes que formariam a lista a serem submetidos \u00e0 an\u00e1lise de advogados e advogadas, mediante consulta direta.<\/p>\n<p><!--more--><\/p>\n<p>\u201cN\u00e3o podemos deixar de ressaltar a import\u00e2ncia do Conselho nesse processo, que dedicou seu tempo, seu trabalho, nesta sabatina t\u00e3o respeitosa com todas e todos n\u00f3s e organizou tudo seguindo criteriosamente o Regimento\u201d, concluiu.<\/p>\n<p>O pleito foi disputado por 14 advogados e contou com normas de composi\u00e7\u00e3o de g\u00eanero e ra\u00e7a. A elei\u00e7\u00e3o aconteceu na sede da OAB-BA no bairro da Piedade, em Salvador.<\/p>\n<p>Foto: Divulga\u00e7\u00e3o<\/p>\n","protected":false},"excerpt":{"rendered":"<p>A advogada trabalhista e professora de Direito do Trabalho, Christianne Gurgel foi eleita, nesta sexta-feira (22), pelo Conselho da Ordem dos Advogados do Brasil Se\u00e7\u00e3o Bahia (OAB-BA), um dos onze candidatos e candidatas que seguem na disputa no Quinto Constitucional da Advocacia do Tribunal Regional do Trabalho da 5\u00aa Regi\u00e3o (TRT5) \u2013 Bahia. Ela foi [&hellip;]<\/p>\n","protected":false},"author":2,"featured_media":179198,"comment_status":"open","ping_status":"open","sticky":false,"template":"","format":"standard","meta":{"_links_to":"","_links_to_target":""},"categories":[33435],"tags":[40257,40513,40512],"_links":{"self":[{"href":"https:\/\/www.blogdothame.blog.br\/v1\/wp-json\/wp\/v2\/posts\/179196"}],"collection":[{"href":"https:\/\/www.blogdothame.blog.br\/v1\/wp-json\/wp\/v2\/posts"}],"about":[{"href":"https:\/\/www.blogdothame.blog.br\/v1\/wp-json\/wp\/v2\/types\/post"}],"author":[{"embeddable":true,"href":"https:\/\/www.blogdothame.blog.br\/v1\/wp-json\/wp\/v2\/users\/2"}],"replies":[{"embeddable":true,"href":"https:\/\/www.blogdothame.blog.br\/v1\/wp-json\/wp\/v2\/comments?post=179196"}],"version-history":[{"count":1,"href":"https:\/\/www.blogdothame.blog.br\/v1\/wp-json\/wp\/v2\/posts\/179196\/revisions"}],"predecessor-version":[{"id":179199,"href":"https:\/\/www.blogdothame.blog.br\/v1\/wp-json\/wp\/v2\/posts\/179196\/revisions\/179199"}],"wp:featuredmedia":[{"embeddable":true,"href":"https:\/\/www.blogdothame.blog.br\/v1\/wp-json\/wp\/v2\/media\/179198"}],"wp:attachment":[{"href":"https:\/\/www.blogdothame.blog.br\/v1\/wp-json\/wp\/v2\/media?parent=179196"}],"wp:term":[{"taxonomy":"category","embeddable":true,"href":"https:\/\/www.blogdothame.blog.br\/v1\/wp-json\/wp\/v2\/categories?post=179196"},{"taxonomy":"post_tag","embeddable":true,"href":"https:\/\/www.blogdothame.blog.br\/v1\/wp-json\/wp\/v2\/tags?post=179196"}],"curies":[{"name":"wp","href":"https:\/\/api.w.org\/{rel}","templated":true}]}}