{"id":179124,"date":"2025-08-22T07:00:05","date_gmt":"2025-08-22T10:00:05","guid":{"rendered":"https:\/\/www.blogdothame.blog.br\/v1\/?p=179124"},"modified":"2025-08-21T17:36:59","modified_gmt":"2025-08-21T20:36:59","slug":"com-investimento-de-r-31-milhoes-neoenergia-coelba-inaugura-nova-subestacao-em-vitoria-da-conquista-para-beneficiar-mais-de-400-mil-pessoas","status":"publish","type":"post","link":"https:\/\/www.blogdothame.blog.br\/v1\/2025\/08\/22\/com-investimento-de-r-31-milhoes-neoenergia-coelba-inaugura-nova-subestacao-em-vitoria-da-conquista-para-beneficiar-mais-de-400-mil-pessoas\/","title":{"rendered":"Com investimento de R$ 31 milh\u00f5es, Neoenergia Coelba inaugura nova subesta\u00e7\u00e3o em Vit\u00f3ria da Conquista para beneficiar mais de 400 mil pessoas"},"content":{"rendered":"<p><img loading=\"lazy\" class=\"aligncenter wp-image-179125\" src=\"https:\/\/www.blogdothame.blog.br\/v1\/wp-content\/uploads\/2025\/08\/PHOTO-2025-08-21-14-28-56-1.jpg\" alt=\"\" width=\"411\" height=\"308\" srcset=\"https:\/\/www.blogdothame.blog.br\/v1\/wp-content\/uploads\/2025\/08\/PHOTO-2025-08-21-14-28-56-1.jpg 600w, https:\/\/www.blogdothame.blog.br\/v1\/wp-content\/uploads\/2025\/08\/PHOTO-2025-08-21-14-28-56-1-300x225.jpg 300w\" sizes=\"(max-width: 411px) 100vw, 411px\" \/><br \/>\nA Neoenergia Coelba inaugurou, nesta quinta-feira (21), a sua terceira subesta\u00e7\u00e3o no munic\u00edpio de Vit\u00f3ria da Conquista. Com investimento de R$ 31 milh\u00f5es, a Subesta\u00e7\u00e3o Vit\u00f3ria da Conquista II beneficiar\u00e1 mais de 400 mil pessoas com energia de qualidade para acompanhar o crescimento socioecon\u00f4mico da cidade. Interligado por uma linha de alta tens\u00e3o de 138kV, a subesta\u00e7\u00e3o \u00e9 um dos maiores empreendimentos do munic\u00edpio.<\/p>\n<p><img loading=\"lazy\" class=\"alignleft wp-image-179126\" src=\"https:\/\/www.blogdothame.blog.br\/v1\/wp-content\/uploads\/2025\/08\/PHOTO-2025-08-21-14-28-56.jpg\" alt=\"\" width=\"361\" height=\"240\" srcset=\"https:\/\/www.blogdothame.blog.br\/v1\/wp-content\/uploads\/2025\/08\/PHOTO-2025-08-21-14-28-56.jpg 600w, https:\/\/www.blogdothame.blog.br\/v1\/wp-content\/uploads\/2025\/08\/PHOTO-2025-08-21-14-28-56-300x200.jpg 300w\" sizes=\"(max-width: 361px) 100vw, 361px\" \/>A cerim\u00f4nia de inaugura\u00e7\u00e3o contou com a presen\u00e7a da prefeita de Vit\u00f3ria da Conquista, Sheila Lemos, e de representantes da administra\u00e7\u00e3o municipal e dos setores produtivos da cidade. A subesta\u00e7\u00e3o tem pot\u00eancia instalada de 53,2 MVA, aumentando em 50% a capacidade energ\u00e9tica da regi\u00e3o. Com\u00e9rcios, ind\u00fastrias e os moradores de Vit\u00f3ria da Conquista ser\u00e3o diretamente beneficiados com o novo empreendimento inaugurado pela distribuidora.<\/p>\n<p>\u201cA Subesta\u00e7\u00e3o Vit\u00f3ria da Conquista II \u00e9 uma entrega proporcional \u00e0 import\u00e2ncia da cidade para o estado da Bahia. Vit\u00f3ria da Conquista segue avan\u00e7ando economicamente, com novas ind\u00fastrias e com\u00e9rcio pujante. Por isso, dedicamos esfor\u00e7os para entregar uma subesta\u00e7\u00e3o robusta para acompanhar e contribuir com todo esse potencial\u201d, explicou o superintendente de Opera\u00e7\u00f5es Leonardo Santana.<\/p>\n<p><!--more--><\/p>\n<p>A Neoenergia Coelba tamb\u00e9m investiu em tecnologias avan\u00e7adas para compor a Subesta\u00e7\u00e3o Vit\u00f3ria da Conquista II. O empreendimento \u00e9 100% automatizado e controlado remotamente atrav\u00e9s do Centro de Opera\u00e7\u00f5es Integradas da distribuidora. Isto significa maior flexibilidade operacional e confiabilidade do fornecimento para os clientes.<\/p>\n<p>&#8220;Quero parabenizar a Neoenergia por trazer esse novo empreendimento para Vit\u00f3ria da Conquista, que vai aumentar em 50% a capacidade energ\u00e9tica do nosso munic\u00edpio e proporcionar a possibilidade de outros investimentos, como, por exemplo, a expans\u00e3o econ\u00f4mica com o fomento de novas ind\u00fastrias. Antes, faltavam \u00e1reas dispon\u00edveis no Distrito Industrial, mas j\u00e1 resolvemos essa quest\u00e3o com o Plano Diretor de Desenvolvimento Urbano. E agora com essa nova Subesta\u00e7\u00e3o, que atender\u00e1 tamb\u00e9m outros munic\u00edpios regi\u00e3o, como Barra do Cho\u00e7a, Belo Campo e Anag\u00e9, a gente vai conseguir avan\u00e7ar com novos investimentos industriais, tanto aqui em Conquista como na regi\u00e3o\u201d, afirmou a prefeita Sheila Lemos.<\/p>\n<p>Plano de investimentos para Vit\u00f3ria da Conquista<\/p>\n<p>Em 2024, a Neoenergia Coelba apresentou o seu plano de investimentos para o Centro do Sul da Bahia, que contempla Vit\u00f3ria da Conquista. Dentro deste planejamento, a distribuidora investir\u00e1 R$ 2,8 bilh\u00f5es at\u00e9 2027, refor\u00e7ando o sistema el\u00e9trico da regi\u00e3o, com a constru\u00e7\u00e3o ou amplia\u00e7\u00e3o de 11 subesta\u00e7\u00f5es.<\/p>\n<p>\u201cO planejamento foi realizado levando em considera\u00e7\u00e3o as necessidades espec\u00edficas de cada localidade. Realizamos estudos e proje\u00e7\u00f5es sobre as cargas necess\u00e1rias ao desenvolvimento da Bahia e estamos direcionando todos os esfor\u00e7os para contribuir com o estado. Vit\u00f3ria da Conquista \u00e9 uma das principais cidades baianas e tem o devido cuidado e aten\u00e7\u00e3o da distribuidora\u201d, destacou Leonardo Santana.<\/p>\n","protected":false},"excerpt":{"rendered":"<p>A Neoenergia Coelba inaugurou, nesta quinta-feira (21), a sua terceira subesta\u00e7\u00e3o no munic\u00edpio de Vit\u00f3ria da Conquista. Com investimento de R$ 31 milh\u00f5es, a Subesta\u00e7\u00e3o Vit\u00f3ria da Conquista II beneficiar\u00e1 mais de 400 mil pessoas com energia de qualidade para acompanhar o crescimento socioecon\u00f4mico da cidade. Interligado por uma linha de alta tens\u00e3o de 138kV, [&hellip;]<\/p>\n","protected":false},"author":2,"featured_media":179125,"comment_status":"open","ping_status":"open","sticky":false,"template":"","format":"standard","meta":{"_links_to":"","_links_to_target":""},"categories":[33436],"tags":[858,625],"_links":{"self":[{"href":"https:\/\/www.blogdothame.blog.br\/v1\/wp-json\/wp\/v2\/posts\/179124"}],"collection":[{"href":"https:\/\/www.blogdothame.blog.br\/v1\/wp-json\/wp\/v2\/posts"}],"about":[{"href":"https:\/\/www.blogdothame.blog.br\/v1\/wp-json\/wp\/v2\/types\/post"}],"author":[{"embeddable":true,"href":"https:\/\/www.blogdothame.blog.br\/v1\/wp-json\/wp\/v2\/users\/2"}],"replies":[{"embeddable":true,"href":"https:\/\/www.blogdothame.blog.br\/v1\/wp-json\/wp\/v2\/comments?post=179124"}],"version-history":[{"count":1,"href":"https:\/\/www.blogdothame.blog.br\/v1\/wp-json\/wp\/v2\/posts\/179124\/revisions"}],"predecessor-version":[{"id":179127,"href":"https:\/\/www.blogdothame.blog.br\/v1\/wp-json\/wp\/v2\/posts\/179124\/revisions\/179127"}],"wp:featuredmedia":[{"embeddable":true,"href":"https:\/\/www.blogdothame.blog.br\/v1\/wp-json\/wp\/v2\/media\/179125"}],"wp:attachment":[{"href":"https:\/\/www.blogdothame.blog.br\/v1\/wp-json\/wp\/v2\/media?parent=179124"}],"wp:term":[{"taxonomy":"category","embeddable":true,"href":"https:\/\/www.blogdothame.blog.br\/v1\/wp-json\/wp\/v2\/categories?post=179124"},{"taxonomy":"post_tag","embeddable":true,"href":"https:\/\/www.blogdothame.blog.br\/v1\/wp-json\/wp\/v2\/tags?post=179124"}],"curies":[{"name":"wp","href":"https:\/\/api.w.org\/{rel}","templated":true}]}}