{"id":17911,"date":"2013-03-18T09:15:11","date_gmt":"2013-03-18T12:15:11","guid":{"rendered":"http:\/\/www.blogdothame.blog.br\/v1\/?p=17911"},"modified":"2013-03-18T09:15:11","modified_gmt":"2013-03-18T12:15:11","slug":"dilma-visita-basilica-construida-em-homenagem-a-virgem-maria","status":"publish","type":"post","link":"https:\/\/www.blogdothame.blog.br\/v1\/2013\/03\/18\/dilma-visita-basilica-construida-em-homenagem-a-virgem-maria\/","title":{"rendered":"Dilma visita bas\u00edlica constru\u00edda em homenagem \u00e0 Virgem Maria"},"content":{"rendered":"<p><a href=\"http:\/\/www.blogdothame.blog.br\/v1\/wp-content\/uploads\/2013\/03\/dilma-santa.jpg\"><img loading=\"lazy\" class=\"alignright size-full wp-image-17912\" title=\"dilma santa\" src=\"http:\/\/www.blogdothame.blog.br\/v1\/wp-content\/uploads\/2013\/03\/dilma-santa.jpg\" alt=\"\" width=\"300\" height=\"225\" \/><\/a>(Agencia Brasil\/Vaticano) Ao chegar no domingo (17) a Roma, a presidenta Dilma Rousseff esteve em uma das principais refer\u00eancias da arquitetura e arte da It\u00e1lia: a Bas\u00edlica de Santa Maria Maggiore. A igreja foi uma das primeiras constru\u00eddas no pa\u00eds em homenagem \u00e0 Virgem Maria, no ano de 431. V\u00e1rios papas a reformaram e promoveram obras de restaura\u00e7\u00e3o. A presidenta aproveitou para jantar em um restaurante de comida t\u00edpica italiana.<\/p>\n<p>A presidenta visitou o local, que re\u00fane obras de arte, acompanhada pelos ministros Antonio Patriota (Rela\u00e7\u00f5es Exteriores), Gilberto Carvalho (Secretaria-Geral da Presid\u00eancia), Aloizio Mercadante (Educa\u00e7\u00e3o) e Helena Chagas (Comunica\u00e7\u00e3o Social). Dilma est\u00e1 na It\u00e1lia para participar amanh\u00e3 (19) da missa que inaugura o pontificado do papa Francisco, \u00e0s 9h30 (5h30 de Bras\u00edlia). Inicialmente, a previs\u00e3o \u00e9 que Dilma ter\u00e1 encontro privado com o papa por alguns minutos.<\/p>\n<p>O papa Francisco dever\u00e1 conversar com a presidenta sobre a Jornada Mundial da Juventude, em julho, no Rio de Janeiro. Francisco j\u00e1 confirmou presen\u00e7a no encontro e o Vaticano informou que o papa fala portugu\u00eas.<\/p>\n","protected":false},"excerpt":{"rendered":"<p>(Agencia Brasil\/Vaticano) Ao chegar no domingo (17) a Roma, a presidenta Dilma Rousseff esteve em uma das principais refer\u00eancias da arquitetura e arte da It\u00e1lia: a Bas\u00edlica de Santa Maria Maggiore. A igreja foi uma das primeiras constru\u00eddas no pa\u00eds em homenagem \u00e0 Virgem Maria, no ano de 431. V\u00e1rios papas a reformaram e promoveram [&hellip;]<\/p>\n","protected":false},"author":2,"featured_media":0,"comment_status":"open","ping_status":"open","sticky":false,"template":"","format":"standard","meta":{"_links_to":"","_links_to_target":""},"categories":[1],"tags":[361,6323,3059],"_links":{"self":[{"href":"https:\/\/www.blogdothame.blog.br\/v1\/wp-json\/wp\/v2\/posts\/17911"}],"collection":[{"href":"https:\/\/www.blogdothame.blog.br\/v1\/wp-json\/wp\/v2\/posts"}],"about":[{"href":"https:\/\/www.blogdothame.blog.br\/v1\/wp-json\/wp\/v2\/types\/post"}],"author":[{"embeddable":true,"href":"https:\/\/www.blogdothame.blog.br\/v1\/wp-json\/wp\/v2\/users\/2"}],"replies":[{"embeddable":true,"href":"https:\/\/www.blogdothame.blog.br\/v1\/wp-json\/wp\/v2\/comments?post=17911"}],"version-history":[{"count":1,"href":"https:\/\/www.blogdothame.blog.br\/v1\/wp-json\/wp\/v2\/posts\/17911\/revisions"}],"predecessor-version":[{"id":17913,"href":"https:\/\/www.blogdothame.blog.br\/v1\/wp-json\/wp\/v2\/posts\/17911\/revisions\/17913"}],"wp:attachment":[{"href":"https:\/\/www.blogdothame.blog.br\/v1\/wp-json\/wp\/v2\/media?parent=17911"}],"wp:term":[{"taxonomy":"category","embeddable":true,"href":"https:\/\/www.blogdothame.blog.br\/v1\/wp-json\/wp\/v2\/categories?post=17911"},{"taxonomy":"post_tag","embeddable":true,"href":"https:\/\/www.blogdothame.blog.br\/v1\/wp-json\/wp\/v2\/tags?post=17911"}],"curies":[{"name":"wp","href":"https:\/\/api.w.org\/{rel}","templated":true}]}}